{"id":8214,"date":"2026-09-03T09:31:19","date_gmt":"2026-09-03T07:31:19","guid":{"rendered":"https:\/\/archeol.sav.sk\/?p=8214"},"modified":"2026-09-03T09:31:19","modified_gmt":"2026-09-03T07:31:19","slug":"zomrela-vyznamna-slovenska-archeologicka-phdr-maria-lamiova-schmiedlova-csc","status":"publish","type":"post","link":"https:\/\/archeol.sav.sk\/index.php\/sk\/2026\/09\/03\/zomrela-vyznamna-slovenska-archeologicka-phdr-maria-lamiova-schmiedlova-csc\/","title":{"rendered":"Zomrela v\u00fdznamn\u00e1 slovensk\u00e1 archeologi\u010dka PhDr. M\u00e1ria Lamiov\u00e1-Schmiedlov\u00e1, CSc."},"content":{"rendered":"<p><a href=\"https:\/\/archeol.sav.sk\/files\/csm_Maria-Lamiova_spomienka_20_0a2c84ca0d.jpg\"><img decoding=\"async\" loading=\"lazy\" class=\"alignright wp-image-8215\" src=\"https:\/\/archeol.sav.sk\/files\/csm_Maria-Lamiova_spomienka_20_0a2c84ca0d-243x300.jpg\" alt=\"\" width=\"250\" height=\"308\" srcset=\"https:\/\/archeol.sav.sk\/files\/csm_Maria-Lamiova_spomienka_20_0a2c84ca0d-243x300.jpg 243w, https:\/\/archeol.sav.sk\/files\/csm_Maria-Lamiova_spomienka_20_0a2c84ca0d-768x948.jpg 768w, https:\/\/archeol.sav.sk\/files\/csm_Maria-Lamiova_spomienka_20_0a2c84ca0d.jpg 830w\" sizes=\"(max-width: 250px) 100vw, 250px\" \/><\/a>S\u00fa spr\u00e1vy, ktor\u00e9 sa p\u00ed\u0161u ve\u013emi \u0165a\u017eko. K tak\u00fdm bezpochyby patria tie o \u00famrtiach bl\u00edzkych kolegov a priate\u013eov. 2. septembra 2026 n\u00e1s opustila v\u00fdznamn\u00e1 slovensk\u00e1 archeologi\u010dka, vedky\u0148a, pr\u00edslu\u0161n\u00ed\u010dka \u201czlatej gener\u00e1cie\u201d slovenskej archeologickej obce, ale najm\u00e4 mil\u00e1, priate\u013esk\u00e1, \u017ei\u010dliv\u00e1 a v\u017edy usmiata Pani Doktorka M\u00e1ria Lamiov\u00e1-Schmiedlov\u00e1.<\/p>\n<p>Narodila sa 5. m\u00e1ja 1935 v Ko\u0161iciach, v meste, ktor\u00e9mu ostala vern\u00e1 po cel\u00fd \u017eivot. Pre archeol\u00f3giu sa rozhodla u\u017e po\u010das stredo\u0161kolskej brig\u00e1dy na v\u00fdskume v Barci. Po absolvovan\u00ed \u0161t\u00fadia na Filozofickej fakulte UK v Bratislave za\u010dala pracova\u0165 vo V\u00fdskumnom pracovnom stredisku Archeologick\u00e9ho \u00fastavu SAV v Ko\u0161iciach, kde po boku prof. V. Budinsk\u00e9ho-Kri\u010dku sa cel\u00e9 desa\u0165ro\u010dia v\u00fdznamne podie\u013eala na rozvoji archeol\u00f3gie na v\u00fdchodnom Slovensku. Svoj z\u00e1ujem nasmerovala najm\u00e4 na os\u00eddlenie v\u00fdchodn\u00e9ho Slovenska v dobe r\u00edmskej a v dobe s\u0165ahovania n\u00e1rodov, \u010do predznamenala u\u017e vo svojej diplomovej pr\u00e1ci <em>Spony z doby r\u00edmskej na Slovensku <\/em>a nesk\u00f4r v kandid\u00e1tskej pr\u00e1ci <em>R\u00edmska s\u00eddliskov\u00e1 keramika z juhov\u00fdchodn\u00e9ho Slovenska<\/em>. Realizovala po\u010detn\u00e9 ter\u00e9nne v\u00fdskumy, vypublikovala nieko\u013eko monografi\u00ed, mnoh\u00e9 odborn\u00e9 \u0161t\u00fadie, \u010dl\u00e1nky, spr\u00e1vy a recenzie. Archeologick\u00fa publika\u010dn\u00fa a prezenta\u010dn\u00fa\u00a0 \u010dinnos\u0165 na v\u00fdchodnom Slovensku posilnila aj ako inici\u00e1torka vedeck\u00e9ho zborn\u00edka V\u00fdchodoslovensk\u00fd pravek a zakladate\u013eka ka\u017edoro\u010dn\u00fdch odborn\u00fdch semin\u00e1rov Stretnut\u00ed v\u00fdchodoslovensk\u00fdch archeol\u00f3gov, ktor\u00fdch sa pravidelne z\u00fa\u010dast\u0148ovala do vysok\u00e9ho veku.<!--more--><\/p>\n<p><a href=\"https:\/\/archeol.sav.sk\/files\/Parte-2.jpg\"><img decoding=\"async\" loading=\"lazy\" class=\"alignleft wp-image-8216\" src=\"https:\/\/archeol.sav.sk\/files\/Parte-2-300x211.jpg\" alt=\"\" width=\"320\" height=\"226\" srcset=\"https:\/\/archeol.sav.sk\/files\/Parte-2-300x211.jpg 300w, https:\/\/archeol.sav.sk\/files\/Parte-2-1024x722.jpg 1024w, https:\/\/archeol.sav.sk\/files\/Parte-2-768x541.jpg 768w, https:\/\/archeol.sav.sk\/files\/Parte-2-1536x1083.jpg 1536w, https:\/\/archeol.sav.sk\/files\/Parte-2-2048x1444.jpg 2048w\" sizes=\"(max-width: 320px) 100vw, 320px\" \/><\/a>Bola vynikaj\u00facou populariz\u00e1torkou vedeck\u00fdch poznatkov prostredn\u00edctvom \u010dl\u00e1nkov, medi\u00e1lnych rel\u00e1ci\u00ed, dom\u00e1cich i zahrani\u010dn\u00fdch v\u00fdstav, po\u010detn\u00fdch predn\u00e1\u0161ok. Svoje organiza\u010dn\u00e9 schopnosti uplatnila najm\u00e4 ako ved\u00faca pracoviska A\u00da SAV v Ko\u0161iciach. Jej pr\u00e1ca bola ocenen\u00e1 viacer\u00fdmi vyznamenaniami, medzi in\u00fdm Striebornou \u010destnou plaketou \u013dudov\u00edta \u0160t\u00fara SAV za z\u00e1sluhy v spolo\u010densk\u00fdch ved\u00e1ch, Cenou cti Jozefa Hajn\u00f3czyho za etick\u00e9 postoje a\u00a0pr\u00ednos k\u00a0poznaniu historick\u00e9ho v\u00fdvoja mesta Ko\u0161ice, Cenou Al\u017ebety G\u00fcntherovej-Mayerovej za celo\u017eivotn\u00fd pr\u00ednos v\u00a0oblasti kult\u00farneho dedi\u010dstva, Cenou starostu mestskej \u010dasti Ko\u0161ice-Star\u00e9 Mesto za osobitn\u00fd pr\u00ednos pre rozvoj mestskej \u010dasti a\u00a0v\u00fdznamn\u00e9 v\u00fdsledky vo vedeckej \u010dinnosti, \u010di \u010destn\u00fdm ob\u010dianstvom obce Zempl\u00edn za p\u00fatav\u00fa knihu <em>Zempl\u00edn \u2013 obec s bohatou minulos\u0165ou<\/em>.<\/p>\n<p>Na hodnotenie odkazu PhDr. M\u00e1rie Lamiovej-Schmiedlovej, CSc. ur\u010dite e\u0161te bude priestor. Poh\u013ead na jej skvel\u00fa osobnos\u0165 v tejto chv\u00edli by v\u0161ak nebol z\u010faleka v\u00fdsti\u017en\u00fd bez spomienky na jej \u013eudskos\u0165, optimizmus, pohodu a l\u00e1skavos\u0165, ktor\u00fa okolo seba \u0161\u00edrila a pren\u00e1\u0161ala na in\u00fdch. Milovala svoju rodinu, milovala svojich\u00a0 priate\u013eov, milovala \u017eivot. Prij\u00edmala v\u0161etko s optimizmom, azda nikdy sme ju nevideli roz\u010d\u00falen\u00fa. Bola skuto\u010dn\u00fdm \u010dlovekom pokoja, radosti, nefal\u0161ovanej prajnosti a napriek vysokej profesionalite aj \u010dlovekom pokory.<\/p>\n<p>Mil\u00e1 pani doktorka, budete tu ch\u00fdba\u0165. Odpo\u010d\u00edvajte v pokoji!<\/p>\n<p>&nbsp;<\/p>\n<p>&nbsp;<\/p>\n<p>Autor: PhDr. M\u00e1ria Kotorov\u00e1, PhD., Archeologick\u00fd \u00fastav SAV, v. v. i.<\/p>\n","protected":false},"excerpt":{"rendered":"<p>S\u00fa spr\u00e1vy, ktor\u00e9 sa p\u00ed\u0161u ve\u013emi \u0165a\u017eko. K tak\u00fdm bezpochyby patria tie o \u00famrtiach bl\u00edzkych kolegov a priate\u013eov. 2. septembra 2026 n\u00e1s opustila v\u00fdznamn\u00e1 slovensk\u00e1 archeologi\u010dka, vedky\u0148a, pr\u00edslu\u0161n\u00ed\u010dka \u201czlatej gener\u00e1cie\u201d slovenskej archeologickej obce, ale najm\u00e4 mil\u00e1, priate\u013esk\u00e1, \u017ei\u010dliv\u00e1 a v\u017edy usmiata Pani Doktorka M\u00e1ria Lamiov\u00e1-Schmiedlov\u00e1. Narodila sa 5. m\u00e1ja 1935 v Ko\u0161iciach, v meste, ktor\u00e9mu &#8230; <a class=\"read-more\" href=\"https:\/\/archeol.sav.sk\/index.php\/sk\/2026\/09\/03\/zomrela-vyznamna-slovenska-archeologicka-phdr-maria-lamiova-schmiedlova-csc\/\">\u010c\u00edtajte viac<\/a><\/p>\n","protected":false},"author":2,"featured_media":0,"comment_status":"closed","ping_status":"open","sticky":false,"template":"","format":"standard","meta":[],"categories":[2],"tags":[],"_links":{"self":[{"href":"https:\/\/archeol.sav.sk\/index.php\/wp-json\/wp\/v2\/posts\/8214"}],"collection":[{"href":"https:\/\/archeol.sav.sk\/index.php\/wp-json\/wp\/v2\/posts"}],"about":[{"href":"https:\/\/archeol.sav.sk\/index.php\/wp-json\/wp\/v2\/types\/post"}],"author":[{"embeddable":true,"href":"https:\/\/archeol.sav.sk\/index.php\/wp-json\/wp\/v2\/users\/2"}],"replies":[{"embeddable":true,"href":"https:\/\/archeol.sav.sk\/index.php\/wp-json\/wp\/v2\/comments?post=8214"}],"version-history":[{"count":1,"href":"https:\/\/archeol.sav.sk\/index.php\/wp-json\/wp\/v2\/posts\/8214\/revisions"}],"predecessor-version":[{"id":8217,"href":"https:\/\/archeol.sav.sk\/index.php\/wp-json\/wp\/v2\/posts\/8214\/revisions\/8217"}],"wp:attachment":[{"href":"https:\/\/archeol.sav.sk\/index.php\/wp-json\/wp\/v2\/media?parent=8214"}],"wp:term":[{"taxonomy":"category","embeddable":true,"href":"https:\/\/archeol.sav.sk\/index.php\/wp-json\/wp\/v2\/categories?post=8214"},{"taxonomy":"post_tag","embeddable":true,"href":"https:\/\/archeol.sav.sk\/index.php\/wp-json\/wp\/v2\/tags?post=8214"}],"curies":[{"name":"wp","href":"https:\/\/api.w.org\/{rel}","templated":true}]}}