{"id":7635,"date":"2025-04-15T12:15:51","date_gmt":"2025-04-15T10:15:51","guid":{"rendered":"https:\/\/archeol.sav.sk\/?p=7635"},"modified":"2025-04-15T15:47:32","modified_gmt":"2025-04-15T13:47:32","slug":"opustil-nas-prof-phdr-alexander-ruttkay-drsc","status":"publish","type":"post","link":"https:\/\/archeol.sav.sk\/index.php\/sk\/2025\/04\/15\/opustil-nas-prof-phdr-alexander-ruttkay-drsc\/","title":{"rendered":"Opustil n\u00e1s prof. PhDr. Alexander Ruttkay, DrSc."},"content":{"rendered":"<p><a href=\"https:\/\/archeol.sav.sk\/files\/Alexander-Ruttkay-scaled.jpg\"><img decoding=\"async\" loading=\"lazy\" class=\"alignright wp-image-7638 \" src=\"https:\/\/archeol.sav.sk\/files\/Alexander-Ruttkay-scaled-225x300.jpg\" alt=\"\" width=\"250\" height=\"333\" srcset=\"https:\/\/archeol.sav.sk\/files\/Alexander-Ruttkay-scaled-225x300.jpg 225w, https:\/\/archeol.sav.sk\/files\/Alexander-Ruttkay-scaled-769x1024.jpg 769w, https:\/\/archeol.sav.sk\/files\/Alexander-Ruttkay-768x1023.jpg 768w, https:\/\/archeol.sav.sk\/files\/Alexander-Ruttkay-1153x1536.jpg 1153w, https:\/\/archeol.sav.sk\/files\/Alexander-Ruttkay-1537x2048.jpg 1537w, https:\/\/archeol.sav.sk\/files\/Alexander-Ruttkay-scaled.jpg 1922w\" sizes=\"(max-width: 250px) 100vw, 250px\" \/><\/a>V\u00a0pondelok 14. apr\u00edla 2025 n\u00e1s vo veku 83 rokov nav\u017edy opustil v\u00fdznamn\u00fd vedec a\u00a0pedag\u00f3g, archeol\u00f3g, historik, organiz\u00e1tor vedy prof. PhDr.\u00a0 Alexander Ruttkay, DrSc.<\/p>\n<p>A. Ruttkay sa narodil 24. apr\u00edla 1941 v Budape\u0161ti. V r\u00e1mci repatri\u00e1cie sa jeho rodina po druhej svetovej vojne vr\u00e1tila na Slovensko. Po ukon\u010den\u00ed stredo\u0161kolsk\u00fdch \u0161t\u00fadi\u00ed na gymn\u00e1ziu v Pie\u0161\u0165anoch bol v roku 1958 prijat\u00fd na \u0161t\u00fadium archeol\u00f3gie na Filozofickej fakulte Univerzity Komensk\u00e9ho v Bratislave. Po jeho \u00faspe\u0161nom absolvovan\u00ed \u2013 s vyznamenan\u00edm v roku 1963 \u2013 za\u010dal pracova\u0165 v Krajskom vlastivednom m\u00fazeu v Bojniciach. Tu za\u010dal realizova\u0165 aj prv\u00e9 vlastn\u00e9 archeologick\u00e9 v\u00fdskumy. V roku 1965 z\u00edskal na z\u00e1klade konkurzu pracovn\u00fa poz\u00edciu odborn\u00e9ho pracovn\u00edka v Archeologickom \u00fastave SAV v Nitre, s ktor\u00fdm u\u017e ostal pevne prepojen\u00fd na cel\u00fd \u017eivot. Postupne tu z\u00edskal vedeck\u00e9 a vedecko-pedagogick\u00e9 hodnosti (CSc., DrSc., doc. prof.) a stal sa osobnos\u0165ou, ktor\u00e1 v\u00fdrazne a pozit\u00edvne ovplyvnila archeologick\u00e9 b\u00e1danie na Slovensku a v strednej Eur\u00f3pe.<\/p>\n<p>V\u00fdskumn\u00e9 aktivity najsk\u00f4r zacielil na dobu s\u0165ahovania n\u00e1rodov. Postupne sa preorientoval na sk\u00famanie v\u010dasn\u00e9ho a\u00a0vrcholn\u00e9ho stredoveku, kde sa, pomerne r\u00fdchlo, zaradil k\u00a0\u0161pi\u010dkov\u00fdm stredoeur\u00f3pskym b\u00e1date\u013eom. Z\u00e1kladom jeho pr\u00e1ce boli tak vlastn\u00e9 ter\u00e9nne v\u00fdskumy, ktor\u00fdch realiz\u00e1ciu brav\u00farne zvl\u00e1dal, ako aj teoretick\u00e1 pr\u00e1ca v\u00a0\u0161irokom nadregion\u00e1lnom stredoeur\u00f3pskom kontexte. Jednozna\u010dne patr\u00ed k\u00a0b\u00e1date\u013eom, ktor\u00ed najviac prispeli k\u00a0poznaniu na\u0161ich najstar\u0161\u00edch n\u00e1rodn\u00fdch dej\u00edn. Zameral sa na tvorbu synt\u00e9z, najm\u00e4 z\u00a0oblast\u00ed ako vojenstvo, kres\u0165anstvo, feud\u00e1lne s\u00eddla, \u0161trukt\u00fara spolo\u010dnosti alebo surovinov\u00e9 zdroje.<\/p>\n<p>Spomedzi ter\u00e9nnych v\u00fdskumov je potrebn\u00e9 osobitne vyzdvihn\u00fa\u0165 v\u00fdskum dnes ikonickej lokality Ducov\u00e9, kde presk\u00famal prv\u00fd ve\u013ekomoravsk\u00fd ve\u013emo\u017esk\u00fd dvorec s\u00a0rotundou i\u00a0s pohrebiskom, odkryv \u010fal\u0161ieho v\u010dasnostredovek\u00e9ho dvorca v\u00a0Nitrianskej Blatnici \u010di rom\u00e1nskeho kostola a\u00a0cintor\u00edna v\u00a0Dra\u017eovciach. Pozoruhodn\u00e9 v\u00fdsledky priniesli jeho v\u00fdskumy vrcholnostredovek\u00fdch feud\u00e1lnych s\u00eddiel ako Kola\u010dno \u2013 Michalov vrch, Partiz\u00e1nske-\u0160imonovany.<\/p>\n<p>Napriek tomu, \u017ee bol v\u00fdrazne vy\u0165a\u017een\u00fd organiza\u010dn\u00fdmi \u010dinnos\u0165ami, dok\u00e1zal si n\u00e1js\u0165 \u010das, \u010dasto aj na \u00fakor rodiny, na intenz\u00edvny teoretick\u00fd v\u00fdskum a\u00a0publikovanie ich v\u00fdsledkov. Je autorom, resp. spoluautorom 13 monografi\u00ed a\u00a0viac ako 300 \u0161t\u00fadi\u00ed. Viacer\u00e9 z\u00a0nich patria k\u00a0st\u00e1le neprekonan\u00fdm vedeck\u00fdm pr\u00e1cam a s\u00fa\u00a0systematicky citovan\u00e9 doma i\u00a0v\u00a0zahrani\u010d\u00ed.<\/p>\n<p>Prof. Alexander Ruttkay sa akt\u00edvne podie\u013eal aj na riadiacej \u010dinnosti nielen Archeologick\u00e9ho \u00fastavu, ale aj vedy v\u00a0\u010ceskoslovensku, resp. na Slovensku. Postupne pre\u0161iel viacer\u00fdmi funkciami (ved\u00faci oddelenia, vedeck\u00fd tajomn\u00edk, z\u00e1stupca riadite\u013ea. V\u00a0rokoch 1991 \u2013 2008 vykon\u00e1val funkciu riadite\u013ea Archeologick\u00e9ho \u00fastavu SAV v Nitre. Tu treba osobitne zd\u00f4razni\u0165 fakt, \u017ee dok\u00e1zal \u00fastav \u00faspe\u0161ne previes\u0165 cez komplikovan\u00e9 a n\u00e1ro\u010dn\u00e9 90. roky minul\u00e9ho storo\u010dia a\u00a0cez za\u010diatok nov\u00e9ho mil\u00e9nia, t\u00e1to doba bola pozna\u010den\u00e1 kr\u00e1ten\u00edm finan\u010dn\u00fdch zdrojov a\u00a0s\u00a0t\u00fdm spojen\u00fdmi \u0165a\u017ekos\u0165ami. Podporil nov\u00fa cestu z\u00edskavania extern\u00fdch zdrojov a\u00a0zap\u00e1jania sa do medzin\u00e1rodn\u00fdch projektov. V\u00fdskum v\u00a0tom obdob\u00ed nestagnoval, ale naopak, rozv\u00edjal sa, \u010doho v\u00fdsledkom bol cel\u00fd rad unik\u00e1tnych objavov, ale i\u00a0publik\u00e1ci\u00ed a\u00a0dom\u00e1cich i\u00a0medzin\u00e1rodn\u00fdch v\u00fdstavn\u00fdch projektov.<\/p>\n<p>A. Ruttkay mal podiel na v\u00fdchove ve\u013ekej skupiny vedeck\u00fdch pracovn\u00edkov. Od roku 1996 p\u00f4sobil tie\u017e ako garant \u0161t\u00fadia odboru v\u0161eobecn\u00e9 dejiny na Univerzite Kon\u0161tant\u00edna Filozofa v Nitre, kde vychoval mnoh\u00fdch bud\u00facich historikov, archeol\u00f3gov a m\u00fazejn\u00edkov.<!--more--><\/p>\n<p>Dokladom jeho medzin\u00e1rodnej akcept\u00e1cie je \u010dinnos\u0165 v\u00a0mnoh\u00fdch redak\u010dn\u00fdch rad\u00e1ch zahrani\u010dn\u00fdch \u010dasopisov a\u00a0aktivity v\u00a0medzin\u00e1rodn\u00fdch organiz\u00e1ci\u00e1ch. Spomedzi nich treba uvies\u0165 napr\u00edklad zvolenie za \u010dlena Conseil Permanent Medzin\u00e1rodnej \u00fanie vied prehistorick\u00fdch a protohistorick\u00fdch pri UNESCO, Medzin\u00e1rodnej \u00fanie slovanskej a stredovekej archeol\u00f3gie, bol prezidentom vedeckej organiz\u00e1cie pre v\u00fdskum hradov Castum Bene, gener\u00e1lnym sekret\u00e1rom Medzin\u00e1rodnej \u00fanie slovanskej a\u00a0stredovekej archeol\u00f3gie, \u010dlenom \u2013 kore\u0161pondentom Nemeck\u00e9ho archeologick\u00e9ho \u00fastavu. Viedol viacer\u00e9 \u00faspe\u0161n\u00e9 medzin\u00e1rodn\u00e9 projekty \u2013 \u00a0Moravia Magna pri Medzin\u00e1rodnej \u00fanii akad\u00e9mi\u00ed so s\u00eddlom v\u00a0Bruseli, a\u00a0pod.<\/p>\n<p>Za svoje v\u00fdskumn\u00e9 i\u00a0organiza\u010dn\u00e9 aktivity mu boli udelen\u00e9 mnoh\u00e9 ocenenia. K\u00a0najv\u00fdznamnej\u0161\u00edm patria \u2013 Pribinov kr\u00ed\u017e I. triedy za v\u00fdznamn\u00e9 z\u00e1sluhy v oblasti archeol\u00f3gie, Zlat\u00e1 \u010destn\u00e1 plaketa Slovenskej akad\u00e9mie vied za z\u00e1sluhy v spolo\u010densk\u00fdch ved\u00e1ch, cena prim\u00e1tora mesta Nitry, \u010destn\u00e9 ob\u010dianstvo mesta Pie\u0161\u0165any a\u00a0obc\u00ed Ducov\u00e9 i\u00a0Nitrianska Blatnica, osobnos\u0165 Nitrianskeho Samospr\u00e1vneho kraja, Strieborn\u00e1 medaila UKF v Nitre a\u00a0viacer\u00e9 ocenenia Liter\u00e1rneho fondu.<\/p>\n<p>Prof. Alexander Ruttkay bol vynikaj\u00faci v\u00fdskumn\u00edk, ale v\u00a0prvom rade to bol skvel\u00fd \u010dlovek, v\u00fdborn\u00fd kolega i\u00a0priate\u013e. Nebolo tajomstvom, \u017ee bol v\u00fdborn\u00fd medi\u00e1tor, mal schopnos\u0165 nekonfliktne rie\u0161i\u0165 r\u00f4zne druhy komplik\u00e1ci\u00ed, vedel rokova\u0165 s\u00a0dec\u00edznou sf\u00e9rou, propagova\u0165 discipl\u00ednu tak, aby verejnos\u0165 ch\u00e1pala jej zmysel a\u00a0opodstatnenos\u0165.<\/p>\n<p>Odi\u0161iel \u010dlovek extr\u00e9mne pracovit\u00fd a\u00a0cie\u013eavedom\u00fd. Komunita si bude iba \u0165a\u017eko zvyka\u0165 na skuto\u010dnos\u0165, \u017ee u\u017e nie je medzi nami, ned\u00e1 sa sn\u00edm poradi\u0165, \u010di konzultova\u0165, nepribudn\u00fa \u010fal\u0161ie \u0161t\u00fadie. V\u00fdsledky jeho pr\u00e1ce v\u0161ak dlhodobo zostan\u00fa jedn\u00fdm z\u00a0pilierov slovenskej a\u00a0stredoeur\u00f3pskej archeol\u00f3gie stredoveku.<\/p>\n<p>\u010ces\u0165 jeho pamiatke!<\/p>\n<p>Matej Ruttkay<\/p>\n<p>&nbsp;<\/p>\n<p>Posledn\u00e1 rozl\u00fa\u010dka s. prof. Alexandrom Ruttkayom bude 17. apr\u00edla (\u0161tvrtok) 2025 o 13:00 na novom cintor\u00edne Chrenov\u00e1-Selenec (pri v\u00fdjazde z Nitry na Vr\u00e1ble).<\/p>\n<p>&nbsp;<\/p>\n<p>&nbsp;<\/p>\n<p>&nbsp;<\/p>\n","protected":false},"excerpt":{"rendered":"<p>V\u00a0pondelok 14. apr\u00edla 2025 n\u00e1s vo veku 83 rokov nav\u017edy opustil v\u00fdznamn\u00fd vedec a\u00a0pedag\u00f3g, archeol\u00f3g, historik, organiz\u00e1tor vedy prof. PhDr.\u00a0 Alexander Ruttkay, DrSc. A. Ruttkay sa narodil 24. apr\u00edla 1941 v Budape\u0161ti. V r\u00e1mci repatri\u00e1cie sa jeho rodina po druhej svetovej vojne vr\u00e1tila na Slovensko. Po ukon\u010den\u00ed stredo\u0161kolsk\u00fdch \u0161t\u00fadi\u00ed na gymn\u00e1ziu v Pie\u0161\u0165anoch bol v &#8230; <a class=\"read-more\" href=\"https:\/\/archeol.sav.sk\/index.php\/sk\/2025\/04\/15\/opustil-nas-prof-phdr-alexander-ruttkay-drsc\/\">\u010c\u00edtajte viac<\/a><\/p>\n","protected":false},"author":2,"featured_media":0,"comment_status":"closed","ping_status":"open","sticky":false,"template":"","format":"standard","meta":[],"categories":[2],"tags":[],"_links":{"self":[{"href":"https:\/\/archeol.sav.sk\/index.php\/wp-json\/wp\/v2\/posts\/7635"}],"collection":[{"href":"https:\/\/archeol.sav.sk\/index.php\/wp-json\/wp\/v2\/posts"}],"about":[{"href":"https:\/\/archeol.sav.sk\/index.php\/wp-json\/wp\/v2\/types\/post"}],"author":[{"embeddable":true,"href":"https:\/\/archeol.sav.sk\/index.php\/wp-json\/wp\/v2\/users\/2"}],"replies":[{"embeddable":true,"href":"https:\/\/archeol.sav.sk\/index.php\/wp-json\/wp\/v2\/comments?post=7635"}],"version-history":[{"count":4,"href":"https:\/\/archeol.sav.sk\/index.php\/wp-json\/wp\/v2\/posts\/7635\/revisions"}],"predecessor-version":[{"id":7641,"href":"https:\/\/archeol.sav.sk\/index.php\/wp-json\/wp\/v2\/posts\/7635\/revisions\/7641"}],"wp:attachment":[{"href":"https:\/\/archeol.sav.sk\/index.php\/wp-json\/wp\/v2\/media?parent=7635"}],"wp:term":[{"taxonomy":"category","embeddable":true,"href":"https:\/\/archeol.sav.sk\/index.php\/wp-json\/wp\/v2\/categories?post=7635"},{"taxonomy":"post_tag","embeddable":true,"href":"https:\/\/archeol.sav.sk\/index.php\/wp-json\/wp\/v2\/tags?post=7635"}],"curies":[{"name":"wp","href":"https:\/\/api.w.org\/{rel}","templated":true}]}}