{"id":7632,"date":"2025-04-14T12:42:48","date_gmt":"2025-04-14T10:42:48","guid":{"rendered":"https:\/\/archeol.sav.sk\/?p=7632"},"modified":"2025-04-14T12:42:48","modified_gmt":"2025-04-14T10:42:48","slug":"oznamenie-o-konani-volby-clena-spravnej-rady-archeologickeho-ustavu-sav-v-v-i","status":"publish","type":"post","link":"https:\/\/archeol.sav.sk\/index.php\/sk\/2025\/04\/14\/oznamenie-o-konani-volby-clena-spravnej-rady-archeologickeho-ustavu-sav-v-v-i\/","title":{"rendered":"Ozn\u00e1menie o konan\u00ed vo\u013eby \u010dlena Spr\u00e1vnej rady Archeologick\u00e9ho \u00fastavu SAV, v. v. i."},"content":{"rendered":"<p>Vedeck\u00e1 rada Archeologick\u00e9ho \u00fastavu SAV, v. v. i. (\u010falej len Ar\u00da SAV), a\u00a0riadite\u013e Ar\u00da SAV vyhlasuj\u00fa vo\u013ebu \u010dlena Spr\u00e1vnej rady Ar\u00da SAV.<\/p>\n<p><strong>N\u00e1zov a s\u00eddlo organiz\u00e1cie<\/strong>: Archeologick\u00fd \u00fastav SAV, v. v. i., Akademick\u00e1 2, 949 21 Nitra (\u010falej len \u201eorganiz\u00e1cia&#8221;)<\/p>\n<p><strong>Po\u010det miest, ktor\u00e9 sa obsadzuj\u00fa vo\u013ebou:<\/strong> 1<\/p>\n<p><strong>Po\u017eiadavky kladen\u00e9 na kandid\u00e1tov:<\/strong> <a href=\"http:\/\/archeol.sav.sk\/files\/AU-SAV_volebny-a-nominacny-poriadok-spravna-rada.pdf\">\u010cl\u00e1nok II Volebn\u00e9ho poriadku na funkciu \u010dlena spr\u00e1vnej rady<\/a><\/p>\n<p><strong>Zoznam predkladan\u00fdch dokladov: <\/strong>S\u00fahlas s kandidat\u00farou za \u010dlena spr\u00e1vnej rady organiz\u00e1cie aj so zverejnen\u00edm p\u00edsomnej prezent\u00e1cie predstavy kandid\u00e1ta.<\/p>\n<p><strong>Lehota na predlo\u017eenie kandidat\u00fary:<\/strong> 5. 5. 2025 do 12:00 hod., v pr\u00edpade zasielania po\u0161tou, z\u00e1sielka mus\u00ed by\u0165 do tejto lehoty doru\u010den\u00e1 na sekretari\u00e1t organiz\u00e1cie s ozna\u010den\u00edm \u201eVo\u013eba spr\u00e1vnej rady&#8221;.<\/p>\n<p><strong>Sp\u00f4sob predlo\u017eenia dokladov:<\/strong> v\u0161etky dokumenty doru\u010di\u0165 osobne alebo po\u0161tou na sekretari\u00e1t alebo podate\u013e\u0148u organiz\u00e1cie, Akademick\u00e1 2, 949 21 Nitra.<\/p>\n<p><strong>Miesto a \u010das konania pohovoru a vo\u013eby:<\/strong> ve\u013ek\u00e1 zasada\u010dka na pr\u00edzem\u00ed, budova SAV, Akademick\u00e1 2, 949 21 Nitra, 14. 5. 2025; pohovor sa za\u010d\u00edna od 13:00 hod. S\u00fa\u010das\u0165ou pohovoru bude prezent\u00e1cia predstavy kandid\u00e1ta o jeho p\u00f4soben\u00ed v spr\u00e1vnej rade organiz\u00e1cie. Vo\u013eba sa uskuto\u010dn\u00ed ihne\u010f po skon\u010den\u00ed pohovorov s kandid\u00e1tmi.<\/p>\n<p>V\u00a0Nitre 11. 4. 2025<\/p>\n<p>&nbsp;<\/p>\n<p>PhDr. Vladim\u00edr Mit\u00e1\u0161, PhD.\u00a0\u00a0\u00a0\u00a0\u00a0\u00a0\u00a0\u00a0\u00a0\u00a0\u00a0\u00a0\u00a0\u00a0\u00a0\u00a0\u00a0\u00a0\u00a0\u00a0\u00a0\u00a0\u00a0\u00a0\u00a0\u00a0\u00a0\u00a0\u00a0\u00a0\u00a0\u00a0\u00a0\u00a0\u00a0\u00a0\u00a0\u00a0\u00a0\u00a0\u00a0\u00a0\u00a0\u00a0\u00a0\u00a0\u00a0\u00a0\u00a0\u00a0\u00a0\u00a0 doc. PhDr. Matej Ruttkay, CSc.<\/p>\n<p>predseda VR organiz\u00e1cie\u00a0\u00a0\u00a0\u00a0\u00a0\u00a0\u00a0\u00a0\u00a0\u00a0\u00a0\u00a0\u00a0\u00a0\u00a0\u00a0\u00a0\u00a0\u00a0\u00a0\u00a0\u00a0\u00a0\u00a0\u00a0\u00a0\u00a0\u00a0\u00a0\u00a0\u00a0\u00a0\u00a0\u00a0\u00a0\u00a0\u00a0\u00a0\u00a0\u00a0\u00a0\u00a0\u00a0\u00a0\u00a0\u00a0\u00a0\u00a0\u00a0\u00a0\u00a0\u00a0\u00a0\u00a0\u00a0\u00a0 riadite\u013e organiz\u00e1cie<\/p>\n<p>&nbsp;<\/p>\n<p>Mgr. Branislav Kov\u00e1r, PhD.<\/p>\n<p>podpredseda VR organiz\u00e1cie<\/p>\n<p>&nbsp;<\/p>\n<p><a href=\"https:\/\/archeol.sav.sk\/files\/Zoznam-AO.pdf\">Zoznam \u010dlenov Akademickej obce Ar\u00da SAV<\/a><\/p>\n<p><a href=\"http:\/\/archeol.sav.sk\/files\/AU-SAV_volebny-a-nominacny-poriadok-spravna-rada.pdf\">Volebn\u00fd a nomina\u010dn\u00fd poriadok na funkciu \u010dlena spr\u00e1vnej rady<\/a><\/p>\n<p>&nbsp;<\/p>\n","protected":false},"excerpt":{"rendered":"<p>Vedeck\u00e1 rada Archeologick\u00e9ho \u00fastavu SAV, v. v. i. (\u010falej len Ar\u00da SAV), a\u00a0riadite\u013e Ar\u00da SAV vyhlasuj\u00fa vo\u013ebu \u010dlena Spr\u00e1vnej rady Ar\u00da SAV. N\u00e1zov a s\u00eddlo organiz\u00e1cie: Archeologick\u00fd \u00fastav SAV, v. v. i., Akademick\u00e1 2, 949 21 Nitra (\u010falej len \u201eorganiz\u00e1cia&#8221;) Po\u010det miest, ktor\u00e9 sa obsadzuj\u00fa vo\u013ebou: 1 Po\u017eiadavky kladen\u00e9 na kandid\u00e1tov: \u010cl\u00e1nok II Volebn\u00e9ho poriadku &#8230; <a class=\"read-more\" href=\"https:\/\/archeol.sav.sk\/index.php\/sk\/2025\/04\/14\/oznamenie-o-konani-volby-clena-spravnej-rady-archeologickeho-ustavu-sav-v-v-i\/\">\u010c\u00edtajte viac<\/a><\/p>\n","protected":false},"author":2,"featured_media":0,"comment_status":"closed","ping_status":"open","sticky":false,"template":"","format":"standard","meta":[],"categories":[2],"tags":[],"_links":{"self":[{"href":"https:\/\/archeol.sav.sk\/index.php\/wp-json\/wp\/v2\/posts\/7632"}],"collection":[{"href":"https:\/\/archeol.sav.sk\/index.php\/wp-json\/wp\/v2\/posts"}],"about":[{"href":"https:\/\/archeol.sav.sk\/index.php\/wp-json\/wp\/v2\/types\/post"}],"author":[{"embeddable":true,"href":"https:\/\/archeol.sav.sk\/index.php\/wp-json\/wp\/v2\/users\/2"}],"replies":[{"embeddable":true,"href":"https:\/\/archeol.sav.sk\/index.php\/wp-json\/wp\/v2\/comments?post=7632"}],"version-history":[{"count":1,"href":"https:\/\/archeol.sav.sk\/index.php\/wp-json\/wp\/v2\/posts\/7632\/revisions"}],"predecessor-version":[{"id":7634,"href":"https:\/\/archeol.sav.sk\/index.php\/wp-json\/wp\/v2\/posts\/7632\/revisions\/7634"}],"wp:attachment":[{"href":"https:\/\/archeol.sav.sk\/index.php\/wp-json\/wp\/v2\/media?parent=7632"}],"wp:term":[{"taxonomy":"category","embeddable":true,"href":"https:\/\/archeol.sav.sk\/index.php\/wp-json\/wp\/v2\/categories?post=7632"},{"taxonomy":"post_tag","embeddable":true,"href":"https:\/\/archeol.sav.sk\/index.php\/wp-json\/wp\/v2\/tags?post=7632"}],"curies":[{"name":"wp","href":"https:\/\/api.w.org\/{rel}","templated":true}]}}