{"id":7000,"date":"2024-04-04T16:42:50","date_gmt":"2024-04-04T14:42:50","guid":{"rendered":"https:\/\/archeol.sav.sk\/?p=7000"},"modified":"2024-04-04T16:44:14","modified_gmt":"2024-04-04T14:44:14","slug":"the-23rd-international-celtic-conference-will-take-place","status":"publish","type":"post","link":"https:\/\/archeol.sav.sk\/index.php\/en\/2024\/04\/04\/the-23rd-international-celtic-conference-will-take-place\/","title":{"rendered":"The 23rd International Celtic Conference will take place"},"content":{"rendered":"<p>From May 14th to 17th, 2024, the 23rd International Celtic Conference &#8220;Kelti\/Die Kelten\/The Celts 2024&#8221; will take place. The meeting is dedicated to the La T\u00e8ne period in Central Europe.<\/p>\r\n<p>Location of the conference: \u017dilina, Municipal Town Hall.<\/p>\r\n<p>Conference dates: May 14th to May 17th, 2024.<\/p>\r\n<p>Conference program<a href=\"https:\/\/www.academia.edu\/117016938\/Kelti_Die_Kelten_The_Celts_2024_Conference_programme\"> is available for download here<\/a>.<\/p>\r\n<h6>\u00a0<\/h6>\r\n<!-- \/wp:paragraph -->\r\n\r\n<!-- wp:image {\"id\":4575,\"align\":\"left\",\"width\":114,\"height\":112} -->\r\n<div class=\"wp-block-image\">\r\n<figure class=\"alignleft is-resized\"><img decoding=\"async\" loading=\"lazy\" class=\"wp-image-4575 alignleft\" src=\"http:\/\/archeol.sav.sk\/files\/logo1-2.jpg\" alt=\"\" width=\"114\" height=\"112\" \/><\/figure>\r\n<\/div>\r\n<!-- \/wp:image -->\r\n\r\n<!-- wp:image {\"id\":4576,\"width\":97,\"height\":110} -->\r\n<figure class=\"wp-block-image is-resized\"><img decoding=\"async\" loading=\"lazy\" class=\"wp-image-4576\" src=\"http:\/\/archeol.sav.sk\/files\/logo2-2.jpg\" alt=\"\" width=\"97\" height=\"110\" srcset=\"https:\/\/archeol.sav.sk\/files\/logo2-2.jpg 695w, https:\/\/archeol.sav.sk\/files\/logo2-2-264x300.jpg 264w\" sizes=\"(max-width: 97px) 100vw, 97px\" \/><img decoding=\"async\" loading=\"lazy\" class=\"wp-image-4578\" src=\"http:\/\/archeol.sav.sk\/files\/logo4-2.jpg\" alt=\"\" width=\"283\" height=\"102\" srcset=\"https:\/\/archeol.sav.sk\/files\/logo4-2.jpg 407w, https:\/\/archeol.sav.sk\/files\/logo4-2-300x108.jpg 300w\" sizes=\"(max-width: 283px) 100vw, 283px\" \/><\/figure>\r\n<figure class=\"wp-block-image is-resized\"><img decoding=\"async\" loading=\"lazy\" class=\"wp-image-6981 alignleft\" src=\"https:\/\/archeol.sav.sk\/files\/logo_KPUZA-300x157.png\" alt=\"\" width=\"225\" height=\"118\" srcset=\"https:\/\/archeol.sav.sk\/files\/logo_KPUZA-300x157.png 300w, https:\/\/archeol.sav.sk\/files\/logo_KPUZA.png 319w\" sizes=\"(max-width: 225px) 100vw, 225px\" \/> <img decoding=\"async\" loading=\"lazy\" class=\"wp-image-6987 alignnone\" src=\"https:\/\/archeol.sav.sk\/files\/erb-divinka_7cm-253x300.png\" alt=\"\" width=\"139\" height=\"165\" srcset=\"https:\/\/archeol.sav.sk\/files\/erb-divinka_7cm-253x300.png 253w, https:\/\/archeol.sav.sk\/files\/erb-divinka_7cm.png 700w\" sizes=\"(max-width: 139px) 100vw, 139px\" \/><\/figure>\r\n<p><img decoding=\"async\" loading=\"lazy\" class=\"alignnone  wp-image-6984\" src=\"https:\/\/archeol.sav.sk\/files\/s_verzia3-300x135.png\" alt=\"\" width=\"236\" height=\"106\" srcset=\"https:\/\/archeol.sav.sk\/files\/s_verzia3-300x135.png 300w, https:\/\/archeol.sav.sk\/files\/s_verzia3-768x345.png 768w, https:\/\/archeol.sav.sk\/files\/s_verzia3.png 901w\" sizes=\"(max-width: 236px) 100vw, 236px\" \/> <img decoding=\"async\" loading=\"lazy\" class=\"alignnone  wp-image-6985\" src=\"https:\/\/archeol.sav.sk\/files\/Logo_3-250x300.jpg\" alt=\"\" width=\"140\" height=\"168\" srcset=\"https:\/\/archeol.sav.sk\/files\/Logo_3-250x300.jpg 250w, https:\/\/archeol.sav.sk\/files\/Logo_3.jpg 354w\" sizes=\"(max-width: 140px) 100vw, 140px\" \/><img decoding=\"async\" loading=\"lazy\" class=\"alignnone  wp-image-6980\" src=\"https:\/\/archeol.sav.sk\/files\/logo_mesto_zilina-300x136.jpg\" alt=\"\" width=\"258\" height=\"117\" srcset=\"https:\/\/archeol.sav.sk\/files\/logo_mesto_zilina-300x136.jpg 300w, https:\/\/archeol.sav.sk\/files\/logo_mesto_zilina-768x347.jpg 768w, https:\/\/archeol.sav.sk\/files\/logo_mesto_zilina-1024x463.jpg 1024w, https:\/\/archeol.sav.sk\/files\/logo_mesto_zilina.jpg 1733w\" sizes=\"(max-width: 258px) 100vw, 258px\" \/><\/p>\r\n<!-- \/wp:image -->\r\n\r\n<!-- wp:image {\"id\":4577,\"align\":\"left\",\"width\":114,\"height\":114} --><!-- \/wp:image -->\r\n\r\n<!-- wp:image {\"id\":4578,\"width\":283,\"height\":102} --><!-- \/wp:image -->\r\n\r\n<!-- wp:more -->\r\n<p>The conference is organized by the Institute of Archaeology of the Slovak Academy of Sciences, the Regional Monument Board in \u017dilina, the Slovak Archaeological Society by the Slovak Academy of Sciences, and the town of \u017dilina.<\/p>\r\n<p>The event is held under the auspices of the Mayor of \u017dilina Mgr. Peter Fiab\u00e1ne.<\/p>\r\n<p>This event was supported by the Slovak Research and Development Agency under the Contract no. APVV-20-0044.<\/p>\r\n<p>The organizers would like to express their gratitude to Septentrio, CvA, for the organizational and material support of the event.<\/p>\r\n<p>The organizers would like to express their gratitude to the municipality of Divinka and the Pova\u017esk\u00e9 Museum in \u017dilina for the organizational and material support of the excursion.<\/p>\r\n<p>The event is open to registered participants.<\/p>","protected":false},"excerpt":{"rendered":"<p>From May 14th to 17th, 2024, the 23rd International Celtic Conference &#8220;Kelti\/Die Kelten\/The Celts 2024&#8221; will take place. The meeting is dedicated to the La T\u00e8ne period in Central Europe. Location of the conference: \u017dilina, Municipal Town Hall. Conference dates: May 14th to May 17th, 2024. Conference program is available for download here. \u00a0 The &#8230; <a class=\"read-more\" href=\"https:\/\/archeol.sav.sk\/index.php\/en\/2024\/04\/04\/the-23rd-international-celtic-conference-will-take-place\/\">\u010c\u00edtajte viac<\/a><\/p>\n","protected":false},"author":2,"featured_media":0,"comment_status":"closed","ping_status":"open","sticky":false,"template":"","format":"standard","meta":[],"categories":[],"tags":[],"_links":{"self":[{"href":"https:\/\/archeol.sav.sk\/index.php\/wp-json\/wp\/v2\/posts\/7000"}],"collection":[{"href":"https:\/\/archeol.sav.sk\/index.php\/wp-json\/wp\/v2\/posts"}],"about":[{"href":"https:\/\/archeol.sav.sk\/index.php\/wp-json\/wp\/v2\/types\/post"}],"author":[{"embeddable":true,"href":"https:\/\/archeol.sav.sk\/index.php\/wp-json\/wp\/v2\/users\/2"}],"replies":[{"embeddable":true,"href":"https:\/\/archeol.sav.sk\/index.php\/wp-json\/wp\/v2\/comments?post=7000"}],"version-history":[{"count":3,"href":"https:\/\/archeol.sav.sk\/index.php\/wp-json\/wp\/v2\/posts\/7000\/revisions"}],"predecessor-version":[{"id":7003,"href":"https:\/\/archeol.sav.sk\/index.php\/wp-json\/wp\/v2\/posts\/7000\/revisions\/7003"}],"wp:attachment":[{"href":"https:\/\/archeol.sav.sk\/index.php\/wp-json\/wp\/v2\/media?parent=7000"}],"wp:term":[{"taxonomy":"category","embeddable":true,"href":"https:\/\/archeol.sav.sk\/index.php\/wp-json\/wp\/v2\/categories?post=7000"},{"taxonomy":"post_tag","embeddable":true,"href":"https:\/\/archeol.sav.sk\/index.php\/wp-json\/wp\/v2\/tags?post=7000"}],"curies":[{"name":"wp","href":"https:\/\/api.w.org\/{rel}","templated":true}]}}