{"id":6725,"date":"2023-08-17T16:39:43","date_gmt":"2023-08-17T14:39:43","guid":{"rendered":"http:\/\/archeol.sav.sk\/?p=6725"},"modified":"2023-09-26T19:32:45","modified_gmt":"2023-09-26T17:32:45","slug":"oznamenie-o-konani-volby-clenov-do-vedeckej-rady-archeologickeho-ustavu-sav-v-v-i","status":"publish","type":"post","link":"https:\/\/archeol.sav.sk\/index.php\/sk\/2023\/08\/17\/oznamenie-o-konani-volby-clenov-do-vedeckej-rady-archeologickeho-ustavu-sav-v-v-i\/","title":{"rendered":"Ozn\u00e1menie o konan\u00ed vo\u013eby \u010dlenov  do Vedeckej rady Archeologick\u00e9ho \u00fastavu SAV, v. v. i."},"content":{"rendered":"<p><strong>Spr\u00e1vna rada Archeologick\u00e9ho \u00fastavu SAV, v. v. i.<\/strong> (\u010falej tie\u017e \u201eorganiz\u00e1cia\u201c alebo \u201eAr\u00da SAV\u201c), <strong>vyhlasuje<\/strong> v\u00a0s\u00falade s\u00a0<a href=\"http:\/\/archeol.sav.sk\/files\/AU-SAV_volebny-a-nominacny-poriadok-vedecka-rada.pdf\">Volebn\u00fdm a\u00a0nomina\u010dn\u00fdm poriadkom na funkciu \u010dlena vedeckej rady<\/a> * (\u010falej tie\u017e \u201eVR\u201c) organiz\u00e1cie a\u00a0pod\u013ea paragrafu 18 z\u00e1kona \u010d. 243\/2017 Z. z. o\u00a0verejnej v\u00fdskumnej in\u0161tit\u00facii a\u00a0o\u00a0zmene a\u00a0doplnen\u00ed niektor\u00fdch z\u00e1konov (\u010falej tie\u017e \u201eZVVI\u201c) <strong>vo\u013eby na \u010dlenov do Vedeckej rady Ar\u00da SAV.**<\/strong><\/p>\n<p><a href=\"https:\/\/archeol.sav.sk\/files\/Zoznam-opravnenych-volicov-do-VR_AUSAV.pdf\"><strong> Zoznam opr\u00e1vnen\u00fdch voli\u010dov do Vedeckej rady Archeologick\u00e9ho \u00fastavu SAV, v. v. i. n\u00e1jdete tu<\/strong><\/a><\/p>\n<p><a href=\"https:\/\/archeol.sav.sk\/files\/Program_Volby_28092023.pdf\"><strong>Program volieb<\/strong><\/a><\/p>\n<p>&nbsp;<\/p>\n<p><strong>Archeologick\u00fd \u00fastav SAV, v. v. i., so s\u00eddlom na Akademickej 2, 949 21 Nitra<\/strong>, m\u00e1 pod\u013ea zakladacej listiny organiz\u00e1cie <strong>7 \u010dlenov vedeckej rady<\/strong> \u2013 <strong>5 intern\u00fdch<\/strong> a\u00a0<strong>2 extern\u00fdch<\/strong>.<\/p>\n<p>Aktu\u00e1lnou <strong>vo\u013ebou sa obsadzuje v\u0161etk\u00fdch 7 miest \u010dlenov VR<\/strong>.<\/p>\n<p><strong>Funk\u010dn\u00e9 obdobie VR<\/strong> je pod\u013ea odseku (5) \u00a718 ZVVI <strong>p\u00e4\u0165ro\u010dn\u00e9<\/strong> a\u00a0za\u010d\u00edna plyn\u00fa\u0165 9. 10. 2023.<\/p>\n<p>Vo\u013eby sa uskuto\u010dnia <strong>28. 9. 2023 o\u00a013.00 hod. vo ve\u013ekej\u00a0zasada\u010dke na pr\u00edzem\u00ed v\u00a0s\u00eddle organiz\u00e1cie v budove SAV na Akademickej 2 v\u00a0Nitre.<\/strong><\/p>\n<p>Pod\u013ea \u010dl\u00e1nku II, odseku (2) <strong>Volebn\u00e9ho a\u00a0nomina\u010dn\u00e9ho poriadku na funkciu \u010dlena VR Ar\u00da SAV m\u00f4\u017ee do VR organiz\u00e1cie kandidova\u0165 ka\u017ed\u00fd, kto sp\u013a\u0148a nasledovn\u00e9 podmienky:<\/strong><\/p>\n<p><em>\u00a0<\/em><!--more--><\/p>\n<p><em>\u010cl\u00e1nok II<\/em><\/p>\n<p><strong><em>\u0160pecifick\u00e9 po\u017eiadavky na kandid\u00e1tov na \u010dlenov vedeckej rady<\/em><\/strong><\/p>\n<p><em>(1)\u00a0\u00a0\u00a0\u00a0\u00a0\u00a0 Organiz\u00e1cia upravuje po\u017eiadavky na kandid\u00e1tov na \u010dlenov vedeckej rady organiz\u00e1cie pod\u013ea \u00a7 18 ods. 6 p\u00edsm. a) a \u00a7 37 ods. 1 p\u00edsm. c) ZVVI.<\/em><\/p>\n<p><em>(2)\u00a0\u00a0\u00a0\u00a0\u00a0\u00a0 \u010clenom vedeckej rady verejnej v\u00fdskumnej in\u0161tit\u00facie zalo\u017eenej Slovenskou akad\u00e9miou vied (\u010falej tie\u017e \u201eorganiz\u00e1cia\u201c) sa m\u00f4\u017ee sta\u0165 len ten, kto:<\/em><\/p>\n<ol>\n<li><em>a) je bez\u00fahonn\u00fd; za bez\u00fahonn\u00e9ho sa nepova\u017euje ten, kto bol pr\u00e1voplatne ods\u00faden\u00fd za \u00famyseln\u00fd trestn\u00fd \u010din (ak ods\u00fadenie nebolo zahladen\u00e9) alebo nedbanlivostn\u00fd trestn\u00fd \u010din na nepodmiene\u010dn\u00fd trest od\u0148atia slobody (ak ods\u00fadenie nebolo zahladen\u00e9),<\/em><\/li>\n<li><em>b) m\u00e1 sp\u00f4sobilos\u0165 na pr\u00e1vne \u00fakony v plnom rozsahu,<\/em><\/li>\n<li><em>c) m\u00e1 vysoko\u0161kolsk\u00e9 vzdelanie najmenej tretieho stup\u0148a alebo vzdelanie z\u00edskan\u00e9 v zahrani\u010d\u00ed, ktor\u00e9 je svoj\u00edm rozsahom a obsahom rovnocenn\u00e9 s vysoko\u0161kolsk\u00fdm vzdelan\u00edm najmenej tretieho stup\u0148a v \u0161tudijnom odbore zodpovedaj\u00facom predmetu \u010dinnosti organiz\u00e1cie alebo v pr\u00edbuznom odbore a z\u00e1rove\u0148 z\u00edskal vedeck\u00fd kvalifika\u010dn\u00fd stupe\u0148 IIa; pri extern\u00fdch \u010dlenoch vedeckej rady a pri \u010dlenoch vedeckej rady preva\u017ene infra\u0161trukt\u00farnej organiz\u00e1cie sa vy\u017eaduje vysoko\u0161kolsk\u00e9 vzdelanie najmenej druh\u00e9ho stup\u0148a alebo vzdelanie z\u00edskan\u00e9 v zahrani\u010d\u00ed, ktor\u00e9 je svoj\u00edm rozsahom a obsahom rovnocenn\u00e9 s vysoko\u0161kolsk\u00fdm vzdelan\u00edm najmenej druh\u00e9ho stup\u0148a.\u201c <\/em><\/li>\n<li><em>d) m\u00e1 sk\u00fasenos\u0165 s veden\u00edm dom\u00e1ceho alebo zahrani\u010dn\u00e9ho projektu, pr\u00edpadne bol menovan\u00fdm z\u00e1stupcom ved\u00faceho projektu za in\u0161tit\u00faciu, a to na z\u00e1klade \u00a7 18 ods. 6 p\u00edsm. a) a \u00a7 37 ods. 1 p\u00edsm. c) ZVVI.<\/em><\/li>\n<\/ol>\n<p>&nbsp;<\/p>\n<p>Kandid\u00e1ti z\u00a0radov zamestnancov i\u00a0z\u00a0radov z\u00e1stupcov hospod\u00e1rskej praxe<strong> doru\u010dia svoje kandidat\u00fary p\u00edsomne na adresu Spr\u00e1vna rada Ar\u00da SAV, Akademick\u00e1 2, 949 21 Nitra do 15. 9. 2023 vr\u00e1tane<\/strong> <strong>v\u00a0zalepenej ob\u00e1lke s ozna\u010den\u00edm \u201eVo\u013eba vedeckej rady \u2013 NEOTV\u00c1RA\u0164\u201c.<\/strong><\/p>\n<p><strong>\u00a0<\/strong><\/p>\n<p><strong>Kandidat\u00fara mus\u00ed obsahova\u0165:<\/strong><\/p>\n<ol>\n<li><strong>p\u00edsomn\u00e9 vyjadrenie s\u00fahlasu<\/strong> kandidova\u0165 do VR Ar\u00da SAV;<\/li>\n<li>stru\u010dn\u00fd \u0161trukt\u00farovan\u00fd <strong>\u017eivotopis<\/strong> so zd\u00f4raznen\u00edm sk\u00fasenost\u00ed pod\u013ea vy\u0161\u0161ie uveden\u00fdch <strong>\u0161pecifick\u00fdch podmienok kladen\u00fdch na kandid\u00e1tov<\/strong>, t. j. predov\u0161etk\u00fdm pod\u013ea p\u00edsmen <strong>c)<\/strong>,\u00a0<strong>d) odseku (2)<\/strong> <strong>\u010dl\u00e1nku II <\/strong>Volebn\u00e9ho a\u00a0nomina\u010dn\u00e9ho poriadku na funkciu \u010dlena VR;<\/li>\n<li>kandid\u00e1ti z\u00a0radov zamestnancov z\u00e1rove\u0148 <strong>predkladaj\u00fa neoveren\u00fa k\u00f3piu dokladu o\u00a0z\u00edskan\u00ed kvalifika\u010dn\u00e9ho stup\u0148a IIa<\/strong> v\u00a0r\u00e1mci SAV.<\/li>\n<\/ol>\n<p>&nbsp;<\/p>\n<p>V\u00a0Nitre d\u0148a 14. 8. 2023<\/p>\n<p>&nbsp;<\/p>\n<p>doc. PhDr. Matej Ruttkay, CSc.<\/p>\n<p>Predseda Spr\u00e1vnej rady Ar\u00da SAV<\/p>\n<p>&nbsp;<\/p>\n<p><a href=\"https:\/\/archeol.sav.sk\/files\/Zoznam-opravnenych-volicov-do-VR_AUSAV.pdf\"><strong>Zoznam opr\u00e1vnen\u00fdch voli\u010dov do Vedeckej rady Archeologick\u00e9ho \u00fastavu SAV, v. v. i. n\u00e1jdete tu<\/strong><\/a><\/p>\n<p><a href=\"https:\/\/archeol.sav.sk\/files\/Program_Volby_28092023.pdf\"><strong>Program volieb<\/strong><\/a><a href=\"https:\/\/archeol.sav.sk\/files\/Program_Volby_28092023.pdf\"><strong> n\u00e1jdete tu<\/strong><\/a><\/p>\n<p>&nbsp;<\/p>\n<h6>*V dokumente sa pre zjednodu\u0161enie pou\u017e\u00edva iba mu\u017esk\u00fd tvar niektor\u00fdch podstatn\u00fdch mien (napr. \u010dlen, kandid\u00e1t a pod.). Pri ka\u017edom pou\u017eit\u00ed tak\u00e9hoto podstatn\u00e9ho mena v\u0161ak v\u00fdraz zah\u0155\u0148a rovnako osoby mu\u017esk\u00e9ho aj \u017eensk\u00e9ho pohlavia.<\/h6>\n<h6>\u00a0** V zmysle Z\u00e1kona \u010d. 18\/2018 Z.z. o ochrane osobn\u00fdch \u00fadajov v znen\u00ed neskor\u0161\u00edch predpisov kandid\u00e1ti s\u00fahlasia so spr\u00e1vou, spracovan\u00edm a uchovan\u00edm osobn\u00fdch \u00fadajov uveden\u00fdch vo v\u0161etk\u00fdch doru\u010den\u00fdch dokumentoch za \u00fa\u010delom volieb do vedeckej rady Ar\u00da SAV.<\/h6>\n","protected":false},"excerpt":{"rendered":"<p>Spr\u00e1vna rada Archeologick\u00e9ho \u00fastavu SAV, v. v. i. (\u010falej tie\u017e \u201eorganiz\u00e1cia\u201c alebo \u201eAr\u00da SAV\u201c), vyhlasuje v\u00a0s\u00falade s\u00a0Volebn\u00fdm a\u00a0nomina\u010dn\u00fdm poriadkom na funkciu \u010dlena vedeckej rady * (\u010falej tie\u017e \u201eVR\u201c) organiz\u00e1cie a\u00a0pod\u013ea paragrafu 18 z\u00e1kona \u010d. 243\/2017 Z. z. o\u00a0verejnej v\u00fdskumnej in\u0161tit\u00facii a\u00a0o\u00a0zmene a\u00a0doplnen\u00ed niektor\u00fdch z\u00e1konov (\u010falej tie\u017e \u201eZVVI\u201c) vo\u013eby na \u010dlenov do Vedeckej rady Ar\u00da SAV.** &#8230; <a class=\"read-more\" href=\"https:\/\/archeol.sav.sk\/index.php\/sk\/2023\/08\/17\/oznamenie-o-konani-volby-clenov-do-vedeckej-rady-archeologickeho-ustavu-sav-v-v-i\/\">\u010c\u00edtajte viac<\/a><\/p>\n","protected":false},"author":2,"featured_media":0,"comment_status":"closed","ping_status":"open","sticky":false,"template":"","format":"standard","meta":[],"categories":[2],"tags":[],"_links":{"self":[{"href":"https:\/\/archeol.sav.sk\/index.php\/wp-json\/wp\/v2\/posts\/6725"}],"collection":[{"href":"https:\/\/archeol.sav.sk\/index.php\/wp-json\/wp\/v2\/posts"}],"about":[{"href":"https:\/\/archeol.sav.sk\/index.php\/wp-json\/wp\/v2\/types\/post"}],"author":[{"embeddable":true,"href":"https:\/\/archeol.sav.sk\/index.php\/wp-json\/wp\/v2\/users\/2"}],"replies":[{"embeddable":true,"href":"https:\/\/archeol.sav.sk\/index.php\/wp-json\/wp\/v2\/comments?post=6725"}],"version-history":[{"count":4,"href":"https:\/\/archeol.sav.sk\/index.php\/wp-json\/wp\/v2\/posts\/6725\/revisions"}],"predecessor-version":[{"id":6754,"href":"https:\/\/archeol.sav.sk\/index.php\/wp-json\/wp\/v2\/posts\/6725\/revisions\/6754"}],"wp:attachment":[{"href":"https:\/\/archeol.sav.sk\/index.php\/wp-json\/wp\/v2\/media?parent=6725"}],"wp:term":[{"taxonomy":"category","embeddable":true,"href":"https:\/\/archeol.sav.sk\/index.php\/wp-json\/wp\/v2\/categories?post=6725"},{"taxonomy":"post_tag","embeddable":true,"href":"https:\/\/archeol.sav.sk\/index.php\/wp-json\/wp\/v2\/tags?post=6725"}],"curies":[{"name":"wp","href":"https:\/\/api.w.org\/{rel}","templated":true}]}}