{"id":6681,"date":"2023-06-30T08:44:42","date_gmt":"2023-06-30T06:44:42","guid":{"rendered":"http:\/\/archeol.sav.sk\/?p=6681"},"modified":"2023-06-30T09:18:01","modified_gmt":"2023-06-30T07:18:01","slug":"oslavy-70-vyrocia-zalozenia-sav","status":"publish","type":"post","link":"https:\/\/archeol.sav.sk\/index.php\/sk\/2023\/06\/30\/oslavy-70-vyrocia-zalozenia-sav\/","title":{"rendered":"Oslavy 70. v\u00fdro\u010dia zalo\u017eenia SAV"},"content":{"rendered":"<p>23. j\u00fana 2023 vyvrcholili oslavy 70. v\u00fdro\u010dia zalo\u017eenia Slovenskej akad\u00e9mie vied. Pri tejto pr\u00edle\u017eitosti boli \u0161iestim \u00fastavom odovzdan\u00e9  Pam\u00e4tn\u00e9 medaily ako ocenenie za pr\u00ednos za rozvoj a populariz\u00e1ciu vedy. Riadite\u013e \u00fastavu, doc. PhDr. Matej Ruttkay, CSc., prevzal Pam\u00e4tn\u00fa medailu ako ocenenie za pr\u00ednos in\u0161tit\u00facie po\u010das cel\u00e9ho p\u00f4sobenia v akademickom prostred\u00ed. V r\u00e1mci osl\u00e1v boli jednotliv\u00e9 \u00fastavy prezentovan\u00e9 na podujat\u00ed V\u00edkend so SAV.  <\/p>\n<p>Laud\u00e1cio<br \/>\nArcheologick\u00fd \u00fastav SAV, patr\u00ed medzi najstar\u0161ie pracovisk\u00e1 Slovenskej akad\u00e9mie vied. Vznikol v roku 1939. Stoj\u00ed za mnoh\u00fdmi v\u00fdznamn\u00fdmi objavmi nielen na Slovensku, ale i v zahrani\u010d\u00ed. Spome\u0148me napr\u00edklad zn\u00e1me lokality: Bojn\u00fa, Majcichov, B\u00ed\u0148u, Pust\u00fd hrad, Bratislavu \u2013 hrad, pravek\u00e9 mesto z doby bronzovej pri Vr\u00e1b\u013eoch \u010di centr\u00e1 doby bronzovej v Spi\u0161skom \u0160tvrtku a Ni\u017enej My\u0161li, knie\u017eaciu hrobku z konca 4. storo\u010dia objaven\u00fa v Poprade Matejovciach \u010di nestori\u00e1nsku osadu z 8. storo\u010dia na ostrove Failaka v Kuvajte. Zameriava sa na v\u00fdskum \u010dloveka a spolo\u010dnosti v d\u00e1vnoveku vo vz\u0165ahu k pr\u00edrode a krajine s d\u00f4razom na Podunajsko a Karpaty. De\u0161ifruje z\u00e1hady migr\u00e1cie, akultur\u00e1cie a kolapsov spolo\u010dnost\u00ed, analyzuje rozvoj technol\u00f3gi\u00ed, inov\u00e1ci\u00ed a \u013eudsk\u00e9ho myslenia. \u00dastav v\u00fdznamne pom\u00e1ha pri z\u00e1chrane kult\u00farneho dedi\u010dstva ohrozen\u00e9ho stavebnou \u010dinnos\u0165ou. V\u010faka \u00faspe\u0161n\u00fdm  projektom \u00fastav v posledn\u00fdch rokoch dobudoval \u0161pi\u010dkov\u00e9 modern\u00e9 pracovisko pre v\u00fdskum, dokument\u00e1ciu, konzerv\u00e1ciu a ulo\u017eenie archeologick\u00fdch n\u00e1lezov.   Archeologick\u00fd \u00fastav SAV je \u00faspe\u0161n\u00fd aj v populariz\u00e1cii vedy a spr\u00edstup\u0148ovan\u00ed archeologick\u00fdch n\u00e1lezov nielen v samotn\u00fdch lokalit\u00e1ch, dom\u00e1cich i zahrani\u010dn\u00fdch v\u00fdstav\u00e1ch ale aj prostredn\u00edctvom najmodernej\u0161\u00edch 3D technol\u00f3gi\u00ed.<\/p>\n<p>V\u00edkend so SAV<br \/>\nhttps:\/\/www.facebook.com\/media\/set\/?vanity=SlovenskaAkademiaVied&#038;set=a.650564560448657<\/p>\n<p>Odovzdanie ocenenia<br \/>\nhttps:\/\/www.sav.sk\/?lang=sk&#038;doc=services-news&#038;source_no=20&#038;news_no=11279<br \/>\nFoto: Tom\u00e1\u0161 Benedikovi\u010d<\/p>\n<p><img decoding=\"async\" loading=\"lazy\" src=\"http:\/\/archeol.sav.sk\/files\/foto-z-ocenenia_autor-T.-Benedikovi\u010d-300x200.jpg\" alt=\"\" width=\"300\" height=\"200\" class=\"alignnone size-medium wp-image-6683\" srcset=\"https:\/\/archeol.sav.sk\/files\/foto-z-ocenenia_autor-T.-Benedikovi\u010d-300x200.jpg 300w, https:\/\/archeol.sav.sk\/files\/foto-z-ocenenia_autor-T.-Benedikovi\u010d-768x512.jpg 768w, https:\/\/archeol.sav.sk\/files\/foto-z-ocenenia_autor-T.-Benedikovi\u010d-1024x683.jpg 1024w\" sizes=\"(max-width: 300px) 100vw, 300px\" \/><\/p>\n<p><img decoding=\"async\" loading=\"lazy\" src=\"http:\/\/archeol.sav.sk\/files\/pam\u00e4tna-medaila-225x300.jpg\" alt=\"\" width=\"225\" height=\"300\" class=\"alignnone size-medium wp-image-6684\" srcset=\"https:\/\/archeol.sav.sk\/files\/pam\u00e4tna-medaila-225x300.jpg 225w, https:\/\/archeol.sav.sk\/files\/pam\u00e4tna-medaila.jpg 768w\" sizes=\"(max-width: 225px) 100vw, 225px\" \/><a \n<\/p>\n","protected":false},"excerpt":{"rendered":"<p>23. j\u00fana 2023 vyvrcholili oslavy 70. v\u00fdro\u010dia zalo\u017eenia Slovenskej akad\u00e9mie vied. Pri tejto pr\u00edle\u017eitosti boli \u0161iestim \u00fastavom odovzdan\u00e9 Pam\u00e4tn\u00e9 medaily ako ocenenie za pr\u00ednos za rozvoj a populariz\u00e1ciu vedy. Riadite\u013e \u00fastavu, doc. PhDr. Matej Ruttkay, CSc., prevzal Pam\u00e4tn\u00fa medailu ako ocenenie za pr\u00ednos in\u0161tit\u00facie po\u010das cel\u00e9ho p\u00f4sobenia v akademickom prostred\u00ed. V r\u00e1mci osl\u00e1v boli jednotliv\u00e9 &#8230; <a class=\"read-more\" href=\"https:\/\/archeol.sav.sk\/index.php\/sk\/2023\/06\/30\/oslavy-70-vyrocia-zalozenia-sav\/\">\u010c\u00edtajte viac<\/a><\/p>\n","protected":false},"author":3,"featured_media":0,"comment_status":"closed","ping_status":"open","sticky":false,"template":"","format":"standard","meta":[],"categories":[28],"tags":[],"_links":{"self":[{"href":"https:\/\/archeol.sav.sk\/index.php\/wp-json\/wp\/v2\/posts\/6681"}],"collection":[{"href":"https:\/\/archeol.sav.sk\/index.php\/wp-json\/wp\/v2\/posts"}],"about":[{"href":"https:\/\/archeol.sav.sk\/index.php\/wp-json\/wp\/v2\/types\/post"}],"author":[{"embeddable":true,"href":"https:\/\/archeol.sav.sk\/index.php\/wp-json\/wp\/v2\/users\/3"}],"replies":[{"embeddable":true,"href":"https:\/\/archeol.sav.sk\/index.php\/wp-json\/wp\/v2\/comments?post=6681"}],"version-history":[{"count":6,"href":"https:\/\/archeol.sav.sk\/index.php\/wp-json\/wp\/v2\/posts\/6681\/revisions"}],"predecessor-version":[{"id":6690,"href":"https:\/\/archeol.sav.sk\/index.php\/wp-json\/wp\/v2\/posts\/6681\/revisions\/6690"}],"wp:attachment":[{"href":"https:\/\/archeol.sav.sk\/index.php\/wp-json\/wp\/v2\/media?parent=6681"}],"wp:term":[{"taxonomy":"category","embeddable":true,"href":"https:\/\/archeol.sav.sk\/index.php\/wp-json\/wp\/v2\/categories?post=6681"},{"taxonomy":"post_tag","embeddable":true,"href":"https:\/\/archeol.sav.sk\/index.php\/wp-json\/wp\/v2\/tags?post=6681"}],"curies":[{"name":"wp","href":"https:\/\/api.w.org\/{rel}","templated":true}]}}