{"id":6632,"date":"2023-06-05T09:30:54","date_gmt":"2023-06-05T07:30:54","guid":{"rendered":"http:\/\/archeol.sav.sk\/?p=6632"},"modified":"2023-06-05T16:32:30","modified_gmt":"2023-06-05T14:32:30","slug":"pozyvame-vas-na-zaujimave-prednasky","status":"publish","type":"post","link":"https:\/\/archeol.sav.sk\/index.php\/sk\/2023\/06\/05\/pozyvame-vas-na-zaujimave-prednasky\/","title":{"rendered":"Poz\u00fdvame V\u00e1s na zauj\u00edmav\u00e9 predn\u00e1\u0161ky"},"content":{"rendered":"<p>Archeologick\u00fd \u00fastav SAV, v. v. i., V\u00e1s poz\u00fdva na predn\u00e1\u0161ky<\/p>\n<h3><strong>doc. PhDr. Vratislava Jan\u00e1ka, CSc.<\/strong><\/h3>\n<ol>\n<li>&#8220;Litomy\u0161l &#8211; Nedo\u0161\u00edn, lokalita 11 &#8211; nejstar\u0161\u00ed neolitick\u00fd rondel v<br \/>\nPolab\u00ed a Pood\u0159\u00ed ?&#8221;<\/li>\n<li>\u00a0&#8220;T\u0159i petroarcheologick\u00e9 etudy&#8221;<\/li>\n<\/ol>\n<p>Miesto konania: <strong>Archeologick\u00fd \u00fastav SAV, v. v. i.,<\/strong><\/p>\n<p><strong>Akademick\u00e1 2, Ve\u013ek\u00e1 zasada\u010dka na pr\u00edzem\u00ed<\/strong><\/p>\n<p>D\u00e1tum: <strong>13. 06. 2023 o\u00a013:30<\/strong><\/p>\n","protected":false},"excerpt":{"rendered":"<p>Archeologick\u00fd \u00fastav SAV, v. v. i., V\u00e1s poz\u00fdva na predn\u00e1\u0161ky doc. PhDr. Vratislava Jan\u00e1ka, CSc. &#8220;Litomy\u0161l &#8211; Nedo\u0161\u00edn, lokalita 11 &#8211; nejstar\u0161\u00ed neolitick\u00fd rondel v Polab\u00ed a Pood\u0159\u00ed ?&#8221; \u00a0&#8220;T\u0159i petroarcheologick\u00e9 etudy&#8221; Miesto konania: Archeologick\u00fd \u00fastav SAV, v. v. i., Akademick\u00e1 2, Ve\u013ek\u00e1 zasada\u010dka na pr\u00edzem\u00ed D\u00e1tum: 13. 06. 2023 o\u00a013:30<\/p>\n","protected":false},"author":2,"featured_media":0,"comment_status":"closed","ping_status":"open","sticky":false,"template":"","format":"standard","meta":[],"categories":[2],"tags":[],"_links":{"self":[{"href":"https:\/\/archeol.sav.sk\/index.php\/wp-json\/wp\/v2\/posts\/6632"}],"collection":[{"href":"https:\/\/archeol.sav.sk\/index.php\/wp-json\/wp\/v2\/posts"}],"about":[{"href":"https:\/\/archeol.sav.sk\/index.php\/wp-json\/wp\/v2\/types\/post"}],"author":[{"embeddable":true,"href":"https:\/\/archeol.sav.sk\/index.php\/wp-json\/wp\/v2\/users\/2"}],"replies":[{"embeddable":true,"href":"https:\/\/archeol.sav.sk\/index.php\/wp-json\/wp\/v2\/comments?post=6632"}],"version-history":[{"count":2,"href":"https:\/\/archeol.sav.sk\/index.php\/wp-json\/wp\/v2\/posts\/6632\/revisions"}],"predecessor-version":[{"id":6634,"href":"https:\/\/archeol.sav.sk\/index.php\/wp-json\/wp\/v2\/posts\/6632\/revisions\/6634"}],"wp:attachment":[{"href":"https:\/\/archeol.sav.sk\/index.php\/wp-json\/wp\/v2\/media?parent=6632"}],"wp:term":[{"taxonomy":"category","embeddable":true,"href":"https:\/\/archeol.sav.sk\/index.php\/wp-json\/wp\/v2\/categories?post=6632"},{"taxonomy":"post_tag","embeddable":true,"href":"https:\/\/archeol.sav.sk\/index.php\/wp-json\/wp\/v2\/tags?post=6632"}],"curies":[{"name":"wp","href":"https:\/\/api.w.org\/{rel}","templated":true}]}}