{"id":5985,"date":"2022-03-04T13:36:27","date_gmt":"2022-03-04T11:36:27","guid":{"rendered":"http:\/\/archeol.sav.sk\/?p=5985"},"modified":"2022-03-04T13:36:27","modified_gmt":"2022-03-04T11:36:27","slug":"oznamenie-o-konani-volby-clenov-prvej-spravnej-rady-verejnej-vyskumnej-institucie","status":"publish","type":"post","link":"https:\/\/archeol.sav.sk\/index.php\/sk\/2022\/03\/04\/oznamenie-o-konani-volby-clenov-prvej-spravnej-rady-verejnej-vyskumnej-institucie\/","title":{"rendered":"Ozn\u00e1menie o konan\u00ed vo\u013eby \u010dlenov prvej spr\u00e1vnej rady  verejnej v\u00fdskumnej in\u0161tit\u00facie"},"content":{"rendered":"<p>Na z\u00e1klade vzorov\u00e9ho volebn\u00e9ho a nomina\u010dn\u00e9ho poriadku na funkciu \u010dlena spr\u00e1vnej rady v. v. i. zalo\u017eenej Slovenskou akad\u00e9miou vied, prijat\u00e9ho predsedn\u00edctvom SAV 20.12.2021 oznamuje riadite\u013e a Vedeck\u00e1 rada Archeologick\u00e9ho \u00fastavu SAV v. v. i., konanie <strong>volieb \u010dlenov prvej spr\u00e1vnej rady verejnej v\u00fdskumnej in\u0161tit\u00facie<\/strong>.<\/p>\n<p>&nbsp;<\/p>\n<p><strong>N\u00e1zov a s\u00eddlo organiz\u00e1cie:<\/strong> Archeologick\u00fd \u00fastav SAV v. v. i., Akademick\u00e1 2, 949 21 Nitra ( \u010falej len, \u201eorganiz\u00e1cia\u201c)<\/p>\n<p><strong>Po\u010det miest, ktor\u00e9 sa obsadzuj\u00fa vo\u013ebou:<\/strong> 4<\/p>\n<p><strong>Po\u017eiadavky kladen\u00e9 na kandid\u00e1tov:<\/strong> \u010dl\u00e1nok I. vzorov\u00e9ho poriadku pre vo\u013ebu \u010dlena prvej spr\u00e1vnej rady v. v. i. zalo\u017eenou SAV.<\/p>\n<p>&nbsp;<\/p>\n<p>Miesto a \u010das konania pohovoru a vo\u013eby: <strong>ve\u013ek\u00e1 zasada\u010dka na pr\u00edzem\u00ed, budova SAV, Akademick\u00e1 2, 949 21 Nitra, 8.03.2022; pohovor sa za\u010d\u00edna od 10:00 hod.<\/strong>, jeho s\u00fa\u010das\u0165ou bude prezent\u00e1cia predstavy kandid\u00e1ta o jeho p\u00f4soben\u00ed v spr\u00e1vnej rade organiz\u00e1cie. Vo\u013eba sa uskuto\u010dn\u00ed ihne\u010f&#8217; po skon\u010den\u00ed pohovorov s kandid\u00e1tmi. Vo\u013eba bude prezen\u010dn\u00e1.<\/p>\n<p>&nbsp;<\/p>\n<p><strong>Vzh\u013eadom na pandemick\u00e9 opatrenia sa vy\u017eaduje prekrytie horn\u00fdch d\u00fdchac\u00edch ciest respir\u00e1torom.<\/strong><\/p>\n<p><!--more--><\/p>\n<p><strong>Zoznam kandid\u00e1tov <\/strong><strong>do Spr\u00e1vnej rady A\u00da SAV, v. v. i. v abecednom porad\u00ed :<\/strong><\/p>\n<p><strong><a href=\"http:\/\/archeol.sav.sk\/files\/Lucia-Benedikova.pdf\">1. Mgr. Lucia Benedikov\u00e1, PhD.<\/a><\/strong><\/p>\n<p><strong><a href=\"http:\/\/archeol.sav.sk\/files\/Klaudia-Danova.pdf\">2. PhDr. Klaudia Da\u0148ov\u00e1, PhD.<\/a><\/strong><\/p>\n<p><strong><a href=\"http:\/\/archeol.sav.sk\/files\/Marian-Sojak.pdf\">3. PhDr. Mari\u00e1n Soj\u00e1k, PhD.<\/a><\/strong><\/p>\n<p><strong><a href=\"http:\/\/archeol.sav.sk\/files\/Anna-Supova.pdf\">4. Ing. Anna \u0160upov\u00e1<\/a><\/strong><\/p>\n<p>&nbsp;<\/p>\n<p>Pre predstavu o p\u00f4soben\u00ed v Spr\u00e1vnej rade Archeologick\u00e9ho \u00fastavu SAV, v. v. i. kliknite na men\u00e1 jednotliv\u00fdch kandid\u00e1tov.<\/p>\n<p>&nbsp;<\/p>\n<p><strong><a href=\"http:\/\/archeol.sav.sk\/files\/Opravneni-volici-spravna-rada-AUSAV-2022.pdf\">Zoznam opr\u00e1vnen\u00fdch voli\u010dov tu.<\/a><\/strong><\/p>\n<p>&nbsp;<\/p>\n","protected":false},"excerpt":{"rendered":"<p>Na z\u00e1klade vzorov\u00e9ho volebn\u00e9ho a nomina\u010dn\u00e9ho poriadku na funkciu \u010dlena spr\u00e1vnej rady v. v. i. zalo\u017eenej Slovenskou akad\u00e9miou vied, prijat\u00e9ho predsedn\u00edctvom SAV 20.12.2021 oznamuje riadite\u013e a Vedeck\u00e1 rada Archeologick\u00e9ho \u00fastavu SAV v. v. i., konanie volieb \u010dlenov prvej spr\u00e1vnej rady verejnej v\u00fdskumnej in\u0161tit\u00facie. &nbsp; N\u00e1zov a s\u00eddlo organiz\u00e1cie: Archeologick\u00fd \u00fastav SAV v. v. i., Akademick\u00e1 &#8230; <a class=\"read-more\" href=\"https:\/\/archeol.sav.sk\/index.php\/sk\/2022\/03\/04\/oznamenie-o-konani-volby-clenov-prvej-spravnej-rady-verejnej-vyskumnej-institucie\/\">\u010c\u00edtajte viac<\/a><\/p>\n","protected":false},"author":2,"featured_media":0,"comment_status":"closed","ping_status":"open","sticky":false,"template":"","format":"standard","meta":[],"categories":[2],"tags":[],"_links":{"self":[{"href":"https:\/\/archeol.sav.sk\/index.php\/wp-json\/wp\/v2\/posts\/5985"}],"collection":[{"href":"https:\/\/archeol.sav.sk\/index.php\/wp-json\/wp\/v2\/posts"}],"about":[{"href":"https:\/\/archeol.sav.sk\/index.php\/wp-json\/wp\/v2\/types\/post"}],"author":[{"embeddable":true,"href":"https:\/\/archeol.sav.sk\/index.php\/wp-json\/wp\/v2\/users\/2"}],"replies":[{"embeddable":true,"href":"https:\/\/archeol.sav.sk\/index.php\/wp-json\/wp\/v2\/comments?post=5985"}],"version-history":[{"count":1,"href":"https:\/\/archeol.sav.sk\/index.php\/wp-json\/wp\/v2\/posts\/5985\/revisions"}],"predecessor-version":[{"id":5991,"href":"https:\/\/archeol.sav.sk\/index.php\/wp-json\/wp\/v2\/posts\/5985\/revisions\/5991"}],"wp:attachment":[{"href":"https:\/\/archeol.sav.sk\/index.php\/wp-json\/wp\/v2\/media?parent=5985"}],"wp:term":[{"taxonomy":"category","embeddable":true,"href":"https:\/\/archeol.sav.sk\/index.php\/wp-json\/wp\/v2\/categories?post=5985"},{"taxonomy":"post_tag","embeddable":true,"href":"https:\/\/archeol.sav.sk\/index.php\/wp-json\/wp\/v2\/tags?post=5985"}],"curies":[{"name":"wp","href":"https:\/\/api.w.org\/{rel}","templated":true}]}}