{"id":5181,"date":"2020-03-17T13:40:05","date_gmt":"2020-03-17T11:40:05","guid":{"rendered":"http:\/\/archeol.sav.sk\/?p=5181"},"modified":"2020-03-17T13:46:47","modified_gmt":"2020-03-17T11:46:47","slug":"oznam-pre-verejnost","status":"publish","type":"post","link":"https:\/\/archeol.sav.sk\/index.php\/sk\/2020\/03\/17\/oznam-pre-verejnost\/","title":{"rendered":"Oznam pre verejnos\u0165!"},"content":{"rendered":"<p>Archeologick\u00fd \u00fastav SAV v s\u00favislosti s aktu\u00e1lnou situ\u00e1ciou v \u0161\u00edren\u00ed v\u00edrusu SARS-CoV-2 (&#8220;koronav\u00edrus&#8221;) a v nadv\u00e4znosti na rozhodnutia Vl\u00e1dy SR, ako aj odpor\u00fa\u010dania Predsedn\u00edctva SAV je n\u00faten\u00fd v z\u00e1ujme elimin\u00e1cie potenci\u00e1lneho \u0161\u00edrenia koronav\u00edrusu obmedzi\u0165 pohyb verejnosti na svojich pracovisk\u00e1ch.<\/p>\n<p>Z tohto d\u00f4vodu oznamujeme, \u017ee budovy A\u00da SAV bud\u00fa pre verejnos\u0165 zatvoren\u00e9.<\/p>\n<p>Pr\u00edpadn\u00e9 \u017eiadosti a ot\u00e1zky pros\u00edme zasiela\u0165 na mailov\u00e9 adresy:<\/p>\n<p><a href=\"mailto:Sekretariat.AU@savba.sk\">sekretariat.au@savba.sk<\/a>;\u00a0<a href=\"mailto:nrausekr@savba.sk\">nrausekr@savba.sk<\/a>;\u00a0<u><a href=\"mailto:michaela.slovakova@savba.sk\">michaela.slovakova@savba.sk<\/a><\/u>;<\/p>\n<p>Ot\u00e1zky s\u00favisiace s realiz\u00e1ciou z\u00e1chrann\u00fdch archeologick\u00fdch v\u00fdskumov:\u00a0<a href=\"mailto:nraumvoj@savba.sk\">nraumvoj@savba.sk<\/a><\/p>\n<p>Slu\u017eby kni\u017enice:\u00a0<a href=\"mailto:gabriela.holkova@savba.sk\">gabriela.holkova@savba.sk<\/a><\/p>\n<p>Slu\u017eby dokument\u00e1cie: <a href=\"mailto:bednar@savba.sk\">peter.<\/a><u><a href=\"mailto:bednar@savba.sk\">bednar@savba.sk<\/a><\/u><\/p>\n<p>&nbsp;<\/p>\n<p>\u010eakujeme za porozumenie!<\/p>\n<p>&nbsp;<\/p>\n<p>doc. PhDr. Matej Ruttkay, CSc.<\/p>\n<p>riadite\u013e<\/p>\n","protected":false},"excerpt":{"rendered":"<p>Archeologick\u00fd \u00fastav SAV v s\u00favislosti s aktu\u00e1lnou situ\u00e1ciou v \u0161\u00edren\u00ed v\u00edrusu SARS-CoV-2 (&#8220;koronav\u00edrus&#8221;) a v nadv\u00e4znosti na rozhodnutia Vl\u00e1dy SR, ako aj odpor\u00fa\u010dania Predsedn\u00edctva SAV je n\u00faten\u00fd v z\u00e1ujme elimin\u00e1cie potenci\u00e1lneho \u0161\u00edrenia koronav\u00edrusu obmedzi\u0165 pohyb verejnosti na svojich pracovisk\u00e1ch. Z tohto d\u00f4vodu oznamujeme, \u017ee budovy A\u00da SAV bud\u00fa pre verejnos\u0165 zatvoren\u00e9. Pr\u00edpadn\u00e9 \u017eiadosti a ot\u00e1zky &#8230; <a class=\"read-more\" href=\"https:\/\/archeol.sav.sk\/index.php\/sk\/2020\/03\/17\/oznam-pre-verejnost\/\">\u010c\u00edtajte viac<\/a><\/p>\n","protected":false},"author":2,"featured_media":0,"comment_status":"closed","ping_status":"open","sticky":false,"template":"","format":"standard","meta":[],"categories":[2],"tags":[],"_links":{"self":[{"href":"https:\/\/archeol.sav.sk\/index.php\/wp-json\/wp\/v2\/posts\/5181"}],"collection":[{"href":"https:\/\/archeol.sav.sk\/index.php\/wp-json\/wp\/v2\/posts"}],"about":[{"href":"https:\/\/archeol.sav.sk\/index.php\/wp-json\/wp\/v2\/types\/post"}],"author":[{"embeddable":true,"href":"https:\/\/archeol.sav.sk\/index.php\/wp-json\/wp\/v2\/users\/2"}],"replies":[{"embeddable":true,"href":"https:\/\/archeol.sav.sk\/index.php\/wp-json\/wp\/v2\/comments?post=5181"}],"version-history":[{"count":5,"href":"https:\/\/archeol.sav.sk\/index.php\/wp-json\/wp\/v2\/posts\/5181\/revisions"}],"predecessor-version":[{"id":5186,"href":"https:\/\/archeol.sav.sk\/index.php\/wp-json\/wp\/v2\/posts\/5181\/revisions\/5186"}],"wp:attachment":[{"href":"https:\/\/archeol.sav.sk\/index.php\/wp-json\/wp\/v2\/media?parent=5181"}],"wp:term":[{"taxonomy":"category","embeddable":true,"href":"https:\/\/archeol.sav.sk\/index.php\/wp-json\/wp\/v2\/categories?post=5181"},{"taxonomy":"post_tag","embeddable":true,"href":"https:\/\/archeol.sav.sk\/index.php\/wp-json\/wp\/v2\/tags?post=5181"}],"curies":[{"name":"wp","href":"https:\/\/api.w.org\/{rel}","templated":true}]}}