{"id":5166,"date":"2020-03-05T11:17:42","date_gmt":"2020-03-05T09:17:42","guid":{"rendered":"http:\/\/archeol.sav.sk\/?p=5166"},"modified":"2020-03-05T11:17:42","modified_gmt":"2020-03-05T09:17:42","slug":"temy-dizertacnych-prac-v-archeologickom-ustave-sav-nitra-v-akademickom-roku-2020-2021","status":"publish","type":"post","link":"https:\/\/archeol.sav.sk\/index.php\/sk\/2020\/03\/05\/temy-dizertacnych-prac-v-archeologickom-ustave-sav-nitra-v-akademickom-roku-2020-2021\/","title":{"rendered":"T\u00e9my dizerta\u010dn\u00fdch pr\u00e1c v\u00a0Archeologickom \u00fastave SAV Nitra v akademickom roku 2020\/2021"},"content":{"rendered":"<p><strong>T\u00e9my dizerta\u010dn\u00fdch pr\u00e1c v\u00a0Archeologickom \u00fastave SAV Nitra <\/strong><\/p>\n<p><strong>v akademickom roku 2020\/2021 <\/strong><\/p>\n<p><strong>\u0160t\u00fadium v\u00a0spolupr\u00e1ci s\u00a0FiF UK Bratislava<\/strong><\/p>\n<p><!--more--><\/p>\n<p>1.<\/p>\n<p>T\u00e9ma: <strong>Milit\u00e1ri\u00e1 a taktika boja v dobe popolnicov\u00fdch pol\u00ed na severe Karpatskej kotliny<\/strong><br \/>\nAnglicky: <strong>Militaria and battle tactics during the Urnfield Culture Period in the northern part of the Carpathian Basin<\/strong><\/p>\n<p>\u0160kolite\u013e: <strong>PhDr. Vladim\u00edr Mit\u00e1\u0161, PhD.<\/strong><\/p>\n<p>Forma \u0161t\u00fadia: <strong>intern\u00e1\/extern\u00e1<\/strong><br \/>\nTerm\u00edn na podanie prihl\u00e1\u0161ok: <strong>do 31. 5. 2020 na adresu in\u0161tit\u00facie<\/strong><br \/>\nTerm\u00edn prij\u00edmacieho konania: <strong>j\u00fan 2020<\/strong><\/p>\n<p>&nbsp;<\/p>\n<p>2.<\/p>\n<p>T\u00e9ma: <strong>Spi\u0161 ako kontaktn\u00e1 z\u00f3na kult\u00far popolnicov\u00fdch pol\u00ed mlad\u0161ej\u00a0a\u00a0neskorej doby bronzovej v\u00a0Z\u00e1padn\u00fdch Karpatoch<\/strong><br \/>\n<strong>Anglicky: <\/strong><strong>Spi\u0161 Region as the contact zone of the Urnfield cultures during the Late and Final Bronze Age<\/strong> <strong>in Western Carpathians<br \/>\n<\/strong>\u0160kolite\u013e: <strong>Mgr. Lucia Benedikov\u00e1, PhD.<\/strong><\/p>\n<p>Konzultant: <strong>PhDr. Elena Miro\u0161\u0161ayov\u00e1, CSc.<\/strong><\/p>\n<p>Forma \u0161t\u00fadia: <strong>intern\u00e1\/extern\u00e1<\/strong><br \/>\nTerm\u00edn na podanie prihl\u00e1\u0161ok: <strong>do 31. 5. 2020 na adresu in\u0161tit\u00facie<\/strong><br \/>\nTerm\u00edn prij\u00edmacieho konania: <strong>j\u00fan 2020<\/strong><\/p>\n<p><strong>\u00a0<\/strong><\/p>\n<p>3.<\/p>\n<p>T\u00e9ma: <strong>V\u00fdvoj el\u00edt v mlad\u0161ej dobe r\u00edmskej na juhoz\u00e1padnom Slovensku hlavne na pr\u00edklade hrobov z lokality Krakovany-Str\u00e1\u017ee <\/strong><\/p>\n<p>Anglicky: <strong>The development of the elites of the younger Roman Period mainly on the example of the princely tombs of Krakovany-Str\u00e1\u017ee<\/strong><\/p>\n<p>\u0160kolite\u013e: <strong>doc. PhDr. Eduard Droberjar, PhD.<\/strong><\/p>\n<p>Forma \u0161t\u00fadia: <strong>intern\u00e1\/extern\u00e1<\/strong><\/p>\n<p>Term\u00edn na podanie prihl\u00e1\u0161ok: <strong>do 31. 5. 2020 na adresu in\u0161tit\u00facie<\/strong><\/p>\n<p>Term\u00edn prij\u00edmacieho konania: <strong>j\u00fan 2020<\/strong><\/p>\n<p>&nbsp;<\/p>\n<p>4.<\/p>\n<p>T\u00e9ma: <strong>V\u010dasnostredovek\u00e9 mohylov\u00e9 pohrebisk\u00e1 v\u00a0stredodunajskom priestore<\/strong><br \/>\nAnglicky: <strong>Early Medieval barrow mounds in the Middle Danube region<\/strong><\/p>\n<p>\u0160kolite\u013e: <strong>Mgr. Zbigniew Robak, PhD.<\/strong><br \/>\nForma \u0161t\u00fadia: <strong>intern\u00e1\/extern\u00e1<\/strong><br \/>\nTerm\u00edn na podanie prihl\u00e1\u0161ok: <strong>do 31. 5. 2020 na adresu in\u0161tit\u00facie<\/strong><br \/>\nTerm\u00edn prij\u00edmacieho konania: : <strong>j\u00fan 2020<\/strong><\/p>\n<p>&nbsp;<\/p>\n<p>5.<\/p>\n<p>T\u00e9ma: <strong>V\u010dasnostredovek\u00e9 hromadn\u00e9 n\u00e1lezy na Slovensku<\/strong><br \/>\n<strong>Anglicky: <\/strong><strong>Early Medieval hoard finds from Slovakia<\/strong><\/p>\n<p>\u0160kolite\u013e: <strong>PhDr. Karol Pieta, DrSc.<\/strong><\/p>\n<p>Konzultant: <strong>Mgr. Zbigniew Robak, PhD.<\/strong><\/p>\n<p>Forma \u0161t\u00fadia: <strong>intern\u00e1\/extern\u00e1<\/strong><br \/>\nTerm\u00edn na podanie prihl\u00e1\u0161ok: <strong>do 31. 5. 2020 na adresu in\u0161tit\u00facie<\/strong><br \/>\nTerm\u00edn prij\u00edmacieho konania: : <strong>j\u00fan 2020<\/strong><\/p>\n<p>&nbsp;<\/p>\n<p><strong>\u00a0<\/strong><\/p>\n<p><strong>6.<\/strong><\/p>\n<p>T\u00e9ma: <strong>Stredovek\u00e1 keramika na severov\u00fdchodnom Slovensku (11.-15. storo\u010die)<\/strong><\/p>\n<p><strong>Anglicky: <\/strong><strong>Medieval ceramics (11th-15th century) in north-eastern Slovakia<\/strong><\/p>\n<p>\u0160kolite\u013e: <strong>doc. PhDr. Matej Ruttkay, CSc.<\/strong><\/p>\n<p>Konzultant: <strong>PhDr. Marian Soj\u00e1k, PhD.<\/strong><\/p>\n<p>Term\u00edn na podanie prihl\u00e1\u0161ok: <strong>do 31. 5. 2020 na adresu in\u0161tit\u00facie<\/strong><\/p>\n<p>Term\u00edn prij\u00edmacieho konania: <strong>j\u00fan 2020<\/strong><\/p>\n<p><strong>\u00a0<\/strong><\/p>\n<p><strong>7.<\/strong><\/p>\n<p>T\u00e9ma: <strong>Rota\u010dn\u00e9 mlyny na Slovensku od doby \u017eeleznej do v\u010dasn\u00e9ho stredoveku.\u00a0 Suroviny, v\u00fdroba, distrib\u00facia, pou\u017eitie<br \/>\n<\/strong><strong>Anglicky: <\/strong><strong>The rotary mills in Slovakia from the Iron Age to the Early Middle Ages. Sources, production, distribution, using<\/strong><\/p>\n<p>\u0160kolite\u013e: <strong>PhDr. Karol Pieta, DrSc. <\/strong><\/p>\n<p>Forma \u0161t\u00fadia: <strong>intern\u00e1\/extern\u00e1<\/strong><br \/>\nTerm\u00edn na podanie prihl\u00e1\u0161ok: <strong>do 31. 5. 2020 na adresu in\u0161tit\u00facie<\/strong><br \/>\nTerm\u00edn prij\u00edmacieho konania: <strong>j\u00fan 2020<\/strong><\/p>\n<p><strong>\u00a0<\/strong><\/p>\n<p><strong>8.<\/strong><\/p>\n<p>T\u00e9ma: <strong>Stredovek\u00e1 keramika na strednom Slovensku (11.-15. storo\u010die)<\/strong><\/p>\n<p><strong>Anglicky: <\/strong><strong>Medieval ceramics (11th-15th century) in Central Slovakia<\/strong><\/p>\n<p>\u0160kolite\u013e: <strong>PhDr. J\u00e1n Beljak, PhD.<\/strong><\/p>\n<p>Konzultant: <strong>PhDr. Marta M\u00e1celov\u00e1, PhD.<\/strong><\/p>\n<p>Term\u00edn na podanie prihl\u00e1\u0161ok: <strong>do 31. 5. 2020 na adresu in\u0161tit\u00facie<\/strong><\/p>\n<p>Term\u00edn prij\u00edmacieho konania: <strong>j\u00fan 2020<\/strong><\/p>\n<p><strong>\u00a0<\/strong><\/p>\n<ol start=\"9\">\n<li><\/li>\n<\/ol>\n<p>T\u00e9ma: <strong>Germ\u00e1nske pohrebisk\u00e1 z\u00a0doby r\u00edmskej na Slovensku<\/strong><br \/>\nAnglicky: <strong>Germanic graveyards <\/strong><strong>from the Roman Age in Slovakia<\/strong><\/p>\n<p>\u0160kolite\u013e: <strong>PhDr. Kristi\u00e1n Elschek, CSc.<\/strong><\/p>\n<p>Forma \u0161t\u00fadia: <strong>intern\u00e1\/extern\u00e1<\/strong><br \/>\nTerm\u00edn na podanie prihl\u00e1\u0161ok: <strong>do 31. 5. 2020 na adresu in\u0161tit\u00facie<\/strong><br \/>\nTerm\u00edn prij\u00edmacieho konania<strong>: j\u00fan 2020<\/strong><\/p>\n<p><strong>\u00a0<\/strong><\/p>\n<p>10.<\/p>\n<p>T\u00e9ma: <strong>Pr\u00edrodn\u00e9 prostredie Ponitria a\u00a0Po\u017eitavia a\u00a0jeho premeny v\u00a0stredoveku na z\u00e1klade archeobotanick\u00fdch n\u00e1lezov<\/strong><br \/>\nAnglicky: <strong>The e<\/strong><strong>nvironment<\/strong><strong> of Ponitrie and Po\u017eitavie regions and its changes in the Middle Ages based on the archaeobotanical finds<\/strong><\/p>\n<p>\u0160kolite\u013e: <strong>PhDr. Peter Bedn\u00e1r, CSc.<\/strong><\/p>\n<p>Forma \u0161t\u00fadia: <strong>intern\u00e1\/extern\u00e1<\/strong><br \/>\nTerm\u00edn na podanie prihl\u00e1\u0161ok: <strong>do 31. 5. 2020 na adresu in\u0161tit\u00facie<\/strong><br \/>\nTerm\u00edn prij\u00edmacieho konania: <strong>j\u00fan 2020<\/strong><\/p>\n<p>&nbsp;<\/p>\n<p>11.<\/p>\n<p>T\u00e9ma: <strong>Syst\u00e9mov\u00e1 ochrana a\u00a0rekon\u0161trukcia \u017eelezn\u00fdch artefaktov v archeol\u00f3gii<\/strong><br \/>\nAnglicky: <strong>System protection and reconstruction of iron artifacts in archaeology<\/strong><\/p>\n<p>\u0160kolite\u013e: <strong>PhDr. Peter Bedn\u00e1r, CSc.<\/strong><\/p>\n<p>Forma \u0161t\u00fadia: <strong>intern\u00e1\/extern\u00e1<\/strong><br \/>\nTerm\u00edn na podanie prihl\u00e1\u0161ok: <strong>do 31. 5. 2020 na adresu in\u0161tit\u00facie<\/strong><br \/>\nTerm\u00edn prij\u00edmacieho konania: <strong>j\u00fan 2020<\/strong><\/p>\n<p><strong>\u00a0<\/strong><\/p>\n","protected":false},"excerpt":{"rendered":"<p>T\u00e9my dizerta\u010dn\u00fdch pr\u00e1c v\u00a0Archeologickom \u00fastave SAV Nitra v akademickom roku 2020\/2021 \u0160t\u00fadium v\u00a0spolupr\u00e1ci s\u00a0FiF UK Bratislava<\/p>\n","protected":false},"author":2,"featured_media":0,"comment_status":"closed","ping_status":"open","sticky":false,"template":"","format":"standard","meta":[],"categories":[2],"tags":[],"_links":{"self":[{"href":"https:\/\/archeol.sav.sk\/index.php\/wp-json\/wp\/v2\/posts\/5166"}],"collection":[{"href":"https:\/\/archeol.sav.sk\/index.php\/wp-json\/wp\/v2\/posts"}],"about":[{"href":"https:\/\/archeol.sav.sk\/index.php\/wp-json\/wp\/v2\/types\/post"}],"author":[{"embeddable":true,"href":"https:\/\/archeol.sav.sk\/index.php\/wp-json\/wp\/v2\/users\/2"}],"replies":[{"embeddable":true,"href":"https:\/\/archeol.sav.sk\/index.php\/wp-json\/wp\/v2\/comments?post=5166"}],"version-history":[{"count":1,"href":"https:\/\/archeol.sav.sk\/index.php\/wp-json\/wp\/v2\/posts\/5166\/revisions"}],"predecessor-version":[{"id":5167,"href":"https:\/\/archeol.sav.sk\/index.php\/wp-json\/wp\/v2\/posts\/5166\/revisions\/5167"}],"wp:attachment":[{"href":"https:\/\/archeol.sav.sk\/index.php\/wp-json\/wp\/v2\/media?parent=5166"}],"wp:term":[{"taxonomy":"category","embeddable":true,"href":"https:\/\/archeol.sav.sk\/index.php\/wp-json\/wp\/v2\/categories?post=5166"},{"taxonomy":"post_tag","embeddable":true,"href":"https:\/\/archeol.sav.sk\/index.php\/wp-json\/wp\/v2\/tags?post=5166"}],"curies":[{"name":"wp","href":"https:\/\/api.w.org\/{rel}","templated":true}]}}