{"id":3892,"date":"2018-10-05T13:44:04","date_gmt":"2018-10-05T11:44:04","guid":{"rendered":"http:\/\/archeol.sav.sk\/?p=3892"},"modified":"2018-10-08T10:25:54","modified_gmt":"2018-10-08T08:25:54","slug":"archeologicky-ustav-organizuje-15-medzinarodna-konferencia-doba-popolnicovych-poli-a-doba-halstatska","status":"publish","type":"post","link":"https:\/\/archeol.sav.sk\/index.php\/sk\/2018\/10\/05\/archeologicky-ustav-organizuje-15-medzinarodna-konferencia-doba-popolnicovych-poli-a-doba-halstatska\/","title":{"rendered":"Archeologick\u00fd \u00fastav organizuje 15. medzin\u00e1rodn\u00fa konferenciu Doba popolnicov\u00fdch pol\u00ed a doba hal\u0161tatsk\u00e1."},"content":{"rendered":"<p><img decoding=\"async\" loading=\"lazy\" class=\"size-medium wp-image-3893 alignright\" src=\"http:\/\/archeol.sav.sk\/files\/Obr_Smolenice_Foto_VM-123x300.jpg\" alt=\"obr_smolenice_foto_vm\" width=\"123\" height=\"300\" srcset=\"https:\/\/archeol.sav.sk\/files\/Obr_Smolenice_Foto_VM-123x300.jpg 123w, https:\/\/archeol.sav.sk\/files\/Obr_Smolenice_Foto_VM-768x1880.jpg 768w, https:\/\/archeol.sav.sk\/files\/Obr_Smolenice_Foto_VM-418x1024.jpg 418w\" sizes=\"(max-width: 123px) 100vw, 123px\" \/>V\u00a0d\u0148och od 15. 10. do 19. 10. 2018 sa uskuto\u010dn\u00ed v\u00a0porad\u00ed u\u017e 15. medzin\u00e1rodn\u00e1 konferencia Doba popolnicov\u00fdch pol\u00ed a\u00a0doba hal\u0161tatsk\u00e1. Konferencie sa z\u00fa\u010dastnia popredn\u00ed b\u00e1datelia zo Slovenska, \u010ceskej republiky, Ma\u010farska, Po\u013eska a Rak\u00faska. Rokova\u0165 sa bude o\u00a0aktu\u00e1lnych ot\u00e1zkach, ktor\u00e9 sa t\u00fdkaj\u00fa tak mladej a\u00a0neskorej doby bronzovej, ako aj star\u0161ej doby \u017eeleznej v\u00a0\u0161ir\u0161om priestore strednej Eur\u00f3py.<\/p>\n<p><!--more--><\/p>\n<p>Miestom podujatia bude Kongresov\u00e9 centrum SAV na z\u00e1mku v\u00a0Smoleniciach, okr. Trnava. Program <a href=\"http:\/\/archeol.sav.sk\/files\/Program_15.PPaDH_2018_def.pdf\">na stiahnutie tu.<\/a><\/p>\n<p>Podujatie organizuje Archeologick\u00fd \u00fastav SAV s\u00a0podporou projektov APVV-16-0441 a\u00a0VEGA 02\/0091\/16, Katedra archeol\u00f3gie FF UK v\u00a0Bratislave s\u00a0podporou projektov APVV-14-0550 a\u00a0VEGA 01\/0411\/16, Slovensk\u00e1 archeologick\u00e1 spolo\u010dnos\u0165 pri SAV.<\/p>\n<p><a class=\"alignnone\" href=\"http:\/\/archeol.sav.sk\/index.php\/sk\/\"><img decoding=\"async\" loading=\"lazy\" class=\"alignnone size-full wp-image-3894\" src=\"http:\/\/archeol.sav.sk\/files\/1-3.jpg\" alt=\"1\" width=\"100\" height=\"94\" \/>\u00a0<\/a> \u00a0 \u00a0 \u00a0 \u00a0 \u00a0<a href=\"https:\/\/uniba.sk\/\"><img decoding=\"async\" loading=\"lazy\" class=\"alignnone wp-image-3895 size-full\" src=\"http:\/\/archeol.sav.sk\/files\/2-1.jpg\" alt=\"2\" width=\"78\" height=\"78\" \/><\/a>\u00a0 \u00a0 \u00a0 \u00a0 \u00a0\u00a0 <a href=\"https:\/\/fphil.uniba.sk\/katedry-a-odborne-pracoviska\/katedra-archeologie\/\"><img decoding=\"async\" loading=\"lazy\" class=\"alignnone wp-image-3896 size-full\" src=\"http:\/\/archeol.sav.sk\/files\/3-1.jpg\" alt=\"3\" width=\"134\" height=\"51\" \/><\/a>\u00a0 \u00a0 \u00a0 \u00a0 <a href=\"http:\/\/www.sas.sav.sk\/\"><img decoding=\"async\" loading=\"lazy\" class=\"alignnone wp-image-3897 size-full\" src=\"http:\/\/archeol.sav.sk\/files\/4-2.jpg\" alt=\"4\" width=\"85\" height=\"96\" \/><\/a><\/p>\n<p>&nbsp;<\/p>\n<p><a href=\"http:\/\/archeol.sav.sk\/files\/Program_15.PPaDH_2018_def.pdf\"><strong>Program:<\/strong><\/a><\/p>\n<p><strong>Pondelok 15. okt\u00f3bra 2018<\/strong><\/p>\n<p><u><\/u>9:00 \u2013 13:00\u00a0\u00a0\u00a0 Pr\u00edchod \u00fa\u010dastn\u00edkov konferencie do Kongresov\u00e9ho centra SAV &#8211; z\u00e1mku v\u00a0Smoleniciach, okr. Trnava, registr\u00e1cia a ubytovanie.<\/p>\n<p>14:00 \u2013 14:45\u00a0\u00a0 Otvorenie konferencie<\/p>\n<p><strong>Doc. PhDr. Matej Ruttkay, CSc. \u2013 <\/strong>pr\u00edhovor riadite\u013ea A\u00da SAV<\/p>\n<p><strong>Prof. PhDr. Jozef B\u00e1tora, DrSc.<\/strong> &#8211; pr\u00edhovor ved\u00faceho Katedry archeol\u00f3gie z\u00a0FF UK v\u00a0Bratislave.<\/p>\n<p>Pr\u00edhovor z\u00e1stupcu Trnavsk\u00e9ho samospr\u00e1vneho kraja.<\/p>\n<p><strong>Prof. PhDr. Jozef Vlad\u00e1r, DrSc.<\/strong>: Spomienka k st\u00e9mu v\u00fdro\u010diu narodenia doc. PhDr. Antona To\u010d\u00edka, DrSc.<\/p>\n<p><strong>&#8212;&#8212;&#8212;&#8212;&#8212;&#8212;&#8212;&#8212;&#8212;&#8212;&#8212;&#8212;&#8212;&#8212;&#8212;&#8212;&#8212;&#8212;&#8212;&#8212;&#8212;&#8212;&#8211;<\/strong><\/p>\n<p><strong>\u00a0<\/strong><\/p>\n<p><strong>Pondelok 15. okt\u00f3bra 2018<img decoding=\"async\" loading=\"lazy\" class=\"size-medium wp-image-3898 alignright\" src=\"http:\/\/archeol.sav.sk\/files\/Bez-n\u00e1zvu-\u2013-6-300x230.jpg\" alt=\"bez-nazvu-6\" width=\"300\" height=\"230\" srcset=\"https:\/\/archeol.sav.sk\/files\/Bez-n\u00e1zvu-\u2013-6-300x230.jpg 300w, https:\/\/archeol.sav.sk\/files\/Bez-n\u00e1zvu-\u2013-6.jpg 369w\" sizes=\"(max-width: 300px) 100vw, 300px\" \/><\/strong><\/p>\n<p>15:00 \u2013 15:20\u00a0\u00a0 <strong>PhDr. J\u00e1n Beljak, PhD.\/Doc. PhDr. No\u00e9mi Beljak Pa\u017einov\u00e1, PhD.:<\/strong> Os\u00eddlenie Pust\u00e9ho hradu vo Zvolene v\u00a0dobe bronzovej vo svetle najnov\u0161\u00edch v\u00fdskumov.<\/p>\n<p>15:20 \u2013 15:40\u00a0\u00a0 <strong>Mgr.<\/strong> <strong>Pavol Bobek\/PhDr. Kristian Elschek, CSc.:<\/strong> S\u00eddlisko z\u00a0doby bronzovej v\u00a0Zohore.<\/p>\n<p>15:40 \u2013 16:00\u00a0\u00a0 <strong>Mgr.<\/strong> <strong>J\u00e1n Haru\u0161tiak\/Mgr. Jakub Godi\u0161\/M\u00e1ria Put\u0161ko, MA:<\/strong> Pohrebisko mohylovej kult\u00fary v\u00a0\u0160amor\u00edne, \u010das\u0165 \u0160\u00e1mot.<\/p>\n<p>16:00 \u2013 16:20\u00a0\u00a0 <strong>Dr. h. c. prof. PhDr<\/strong>. <strong>V\u00e1clav Furm\u00e1nek, DrSc.: <\/strong>Spr\u00e1va o projekte Radzovce.<\/p>\n<p>16:20 &#8211; 16:30\u00a0\u00a0 Diskusia<\/p>\n<p><strong>&#8212;&#8212;&#8212;&#8212;&#8212;&#8212;&#8212;&#8212;&#8212;&#8212;&#8212;&#8212;&#8212;&#8212;&#8212;&#8212;&#8212;&#8212;&#8212;&#8212;&#8212;&#8212;&#8211;<\/strong><\/p>\n<p>16:30 &#8211; 17:00\u00a0 \u00a0Prest\u00e1vka<\/p>\n<p><strong>&#8212;&#8212;&#8212;&#8212;&#8212;&#8212;&#8212;&#8212;&#8212;&#8212;&#8212;&#8212;&#8212;&#8212;&#8212;&#8212;&#8212;&#8212;&#8212;&#8212;&#8212;&#8212;&#8211;<\/strong><\/p>\n<p>17:00 \u2013 17:20\u00a0\u00a0 <strong>Mgr. Dominika Andre\u00e1nska<\/strong>: Depot bronzov\u00fdch okr\u00e1s z\u00a0Uhrovsk\u00e9ho Podhradia, okr. B\u00e1novce nad Bebravou.<\/p>\n<p>17:20 \u2013 17:40\u00a0\u00a0 <strong>PhDr.<\/strong> <strong>Juraj Bart\u00edk, PhD.\/Mgr. Pavol Jel\u00ednek, PhD.<\/strong>: Hromadn\u00fd n\u00e1lez bronzov zo Sv\u00e4t\u00e9ho Jura.<\/p>\n<p>17:40 \u2013 18:00<strong>\u00a0\u00a0 PhDr. Ondrej O\u017e\u010f\u00e1ni, CSc.\/PhDr. Ladislav Velia\u010dik, DrSc.:<\/strong> Depot bronzov\u00fdch predmetov z\u00a0Vel\u010d\u00edc, okr. Zlat\u00e9 Moravce.<\/p>\n<p>18:00 \u2013 18:20<strong>\u00a0\u00a0 PhDr. Susanne Stegmann-Rajt\u00e1r, CSc.<\/strong>: \u0160t\u00edtov\u00e9 puklice v\u010dasnej doby \u017eeleznej v\u00a0Karpatskej kotline.<\/p>\n<p>18:20 \u2013 18:30\u00a0\u00a0 Diskusia<\/p>\n<p>&nbsp;<\/p>\n<p><strong>Utorok 16. okt\u00f3bra 2018<\/strong><\/p>\n<p>8:00 \u2013 8:20<strong>\u00a0\u00a0\u00a0\u00a0 Mag. Violetta Reiter<\/strong>: Das Depot von Rannersdorf (Nieder\u00f6sterreich) &#8211; The Hoard of Rannersdorf (Lower Austria).<\/p>\n<p>8:20: &#8211; 8:40\u00a0\u00a0\u00a0 <strong>PhDr.<\/strong> <strong>Ji\u0159\u00ed Juchelka, Ph.D.\/Mgr. So\u0148a Kr\u00e1lov\u00e1<\/strong>: Bronzov\u00fd depot ze Star\u00e9ho Ji\u010d\u00edna.<\/p>\n<p>8:40 \u2013 9:00\u00a0\u00a0\u00a0\u00a0 <strong>Doc. Mgr.<\/strong> <strong>Ond\u0159ej Chvojka, Ph.D.\/Ing. Ji\u0159\u00ed Kmo\u0161ek\/Prof. Ing. Jan John, CSc.<\/strong>: Nov\u00e9 jiho\u010desk\u00e9 depoty ve Star\u00fdch Hod\u011bjovic\u00edch a Krtel\u00edch. P\u0159\u00edsp\u011bvek k\u00a0metalurgii mlad\u0161\u00ed doby bronzov\u00e9.<\/p>\n<p>9:00 \u2013 9:20<strong>\u00a0\u00a0\u00a0\u00a0 PhDr. Jan J\u00edlek, Ph.D.\/Mgr. Martin Golec, Ph.D.\/PhDr. Miloslav Chytr\u00e1\u010dek, Ph.D.<\/strong>: V\u011bdro typu Kurd z\u00a0Kladiny u\u00a0Pardubic v\u00a0kontextu st\u0159edn\u00ed Evropy.<\/p>\n<p>9:20 \u2013 9:30\u00a0\u00a0\u00a0\u00a0 Diskusia<\/p>\n<p><strong>&#8212;&#8212;&#8212;&#8212;&#8212;&#8212;&#8212;&#8212;&#8212;&#8212;&#8212;&#8212;&#8212;&#8212;&#8212;&#8212;&#8212;&#8212;&#8212;&#8212;&#8212;&#8212;&#8211;<\/strong><\/p>\n<p>9:30 &#8211; 10:00\u00a0 Prest\u00e1vka<\/p>\n<p><strong>&#8212;&#8212;&#8212;&#8212;&#8212;&#8212;&#8212;&#8212;&#8212;&#8212;&#8212;&#8212;&#8212;&#8212;&#8212;&#8212;&#8212;&#8212;&#8212;&#8212;&#8212;&#8212;&#8211;<\/strong><\/p>\n<p>10:00 \u2013 10:20\u00a0\u00a0 <strong>PhDr.<\/strong> <strong>Petr Kri\u0161tuf, Ph.D.\/Mgr. Mark\u00e9ta Havl\u00edkov\u00e1\/Mgr. Josef Je\u017eek\/PhDr. Mgr. Olga Bl\u00e1hov\u00e1, Ph.D.<\/strong>: Zbran\u011b nebo spole\u010densk\u00e9 symboly? Metalografick\u00e1 anal\u00fdza me\u010d\u016f doby bronzov\u00e9.<\/p>\n<p>10:20 \u2013 10:40\u00a0\u00a0 <strong>PhDr.<\/strong> <strong>Peter Kri\u0161tuf, Ph.D.\/Mgr. Josef Je\u017eek<\/strong>: Traseologick\u00e1 anal\u00fdza bronzov\u00fdch seker: \u00faloha experimentu p\u0159i interpretaci pracovn\u00edch stop.<\/p>\n<p>10:40 \u2013 11:00\u00a0\u00a0 <strong>PhDr.<\/strong> <strong>Milan Sala\u0161, CSc., DSc.\/Ing. \u0160\u00e1rka Msallamov\u00e1, Ph.D.<\/strong>: Bronzov\u00e1 ochrann\u00e1 zbroj doby popelnicov\u00fdch pol\u00ed na Morav\u011b a p\u0159\u00edsp\u011bvek k\u00a0technologii bronzov\u00fdch panc\u00ed\u0159\u016f.<\/p>\n<p>11:00 \u2013 11:20<strong>\u00a0\u00a0 PhDr. Jan J\u00edlek, Ph.D.<\/strong>\/<strong>Doc. PhDr.<\/strong> <strong>Lubo\u0161 Jir\u00e1\u0148, CSc.\/PhDr. David V\u00edch\/Mgr. Tom\u00e1\u0161 Zavoral, DiS.:<\/strong> Hal\u0161tatsk\u00fd depot ze St\u00ed\u010dan v\u00a0severov\u00fdchodn\u00edch \u010cech\u00e1ch.<\/p>\n<p>11:20 \u2013 11:30<strong>\u00a0\u00a0 <\/strong>Diskusia<\/p>\n<p><strong>&#8212;&#8212;&#8212;&#8212;&#8212;&#8212;&#8212;&#8212;&#8212;&#8212;&#8212;&#8212;&#8212;&#8212;&#8212;&#8212;&#8212;&#8212;&#8212;&#8212;&#8212;&#8212;&#8211;<\/strong><\/p>\n<p>11:30 &#8211; 13:00\u00a0 Obed<\/p>\n<p><strong>&#8212;&#8212;&#8212;&#8212;&#8212;&#8212;&#8212;&#8212;&#8212;&#8212;&#8212;&#8212;&#8212;&#8212;&#8212;&#8212;&#8212;&#8212;&#8212;&#8212;&#8212;&#8212;&#8211;<\/strong><\/p>\n<p>13:00 \u2013 13:20\u00a0\u00a0 <strong>PhDr. Ing.<\/strong> <strong>Lubor Smejtek, Ph.D.<\/strong>: K\u00a0mo\u017enostem interpretace knov\u00edzsk\u00fdch keramick\u00fdch depot\u016f.<\/p>\n<p>13:20 \u2013 13:40<strong>\u00a0\u00a0 Mgr. Martin Neumann<\/strong>: S\u00eddliskov\u00e1 dynamika v\u00a0strednom Podunajsku alebo \u010do n\u00e1m dok\u00e1\u017eu poveda\u0165 otvoren\u00e9 s\u00eddlisk\u00e1?<\/p>\n<p>13:40 &#8211; 14:00\u00a0\u00a0 <strong>PhDr.<\/strong> <strong>Elena Miro\u0161\u0161ayov\u00e1, CSc.:<\/strong> Regi\u00f3n Medzibodro\u017eia v\u00a0neskorej dobe bronzovej a v\u00a0star\u0161ej dobe \u017eeleznej.<\/p>\n<p>14:00 \u2013 14:20\u00a0\u00a0 <strong>Mgr. Arkadiusz Tajer<\/strong>: Kruhov\u00e9 architektury na s\u00eddli\u0161ti kultury lu\u017eick\u00fdch popelmicov\u00fdch pol\u00ed v\u00a0Oseku nad Be\u010dvou (okr. P\u0159erov).<\/p>\n<p>14:20 \u2013 14:40\u00a0\u00a0 Diskusia<\/p>\n<p><strong>&#8212;&#8212;&#8212;&#8212;&#8212;&#8212;&#8212;&#8212;&#8212;&#8212;&#8212;&#8212;&#8212;&#8212;&#8212;&#8212;&#8212;&#8212;&#8212;&#8212;&#8212;&#8212;&#8211;<\/strong><\/p>\n<p>14:40 &#8211; 15:10 &#8211; Prest\u00e1vka<\/p>\n<p><strong>&#8212;&#8212;&#8212;&#8212;&#8212;&#8212;&#8212;&#8212;&#8212;&#8212;&#8212;&#8212;&#8212;&#8212;&#8212;&#8212;&#8212;&#8212;&#8212;&#8212;&#8212;&#8212;&#8211;<\/strong><\/p>\n<p>15:10 \u2013 15:30\u00a0\u00a0 <strong>Mgr.<\/strong> <strong>Vendula Vr\u00e1nov\u00e1, PhD.:<\/strong> Hradisko popelnicov\u00fdch pol\u00ed na Tepenci (okr. Olomouc).<\/p>\n<p>15:30 \u2013 15:50\u00a0\u00a0 <strong>Mgr.<\/strong> <strong>Daniel Hl\u00e1sek, Ph.D. a kolekt\u00edv:<\/strong> Skalka u Milenovic. V\u00fdzkum nov\u011b dolo\u017een\u00e9ho hradi\u0161t\u011b z\u00a0mlad\u0161\u00ed doby bronzov\u00e9 v\u00a0ji\u017en\u00edch \u010cech\u00e1ch.<\/p>\n<p>15:50 \u2013 16:10\u00a0\u00a0 <strong>Mgr. Marek Nov\u00e1k<\/strong>: Chronologick\u00fd model hal\u0161tatsk\u00fdch v\u00fd\u0161inn\u00fdch s\u00eddli\u0161\u0165 na Morav\u011b.<\/p>\n<p>16:10 \u2013 16:30<strong>\u00a0\u00a0 Mgr. Kamil Nowak\/Dr. Tomas Stolarczyk:<\/strong> O\u00a0mo\u017cliwo\u015bci eksploatacji dolno\u015bl\u0105skich z\u0142\u00f3\u017c miedzi w epoce br\u0105zu<\/p>\n<p>i\u00a0wczesnej epoce \u017celaza w \u015bwietle dotychczasowych bada\u0144.<\/p>\n<p>16:30 &#8211; 17:30\u00a0\u00a0 Diskusia a\u00a0prezent\u00e1cia posterov.<\/p>\n<p><strong>&#8212;&#8212;&#8212;&#8212;&#8212;&#8212;&#8212;&#8212;&#8212;&#8212;&#8212;&#8212;&#8212;&#8212;&#8212;&#8212;&#8212;&#8212;&#8212;&#8212;&#8212;&#8212;&#8211;<\/strong><\/p>\n<p>Od 18:30 &#8211; Spolo\u010densk\u00fd ve\u010der<\/p>\n<p><strong>&#8212;&#8212;&#8212;&#8212;&#8212;&#8212;&#8212;&#8212;&#8212;&#8212;&#8212;&#8212;&#8212;&#8212;&#8212;&#8212;&#8212;&#8212;&#8212;&#8212;&#8212;&#8212;&#8211;<\/strong><\/p>\n<p><u><\/u><strong>\u00a0<\/strong><\/p>\n<p><strong>Streda 17. okt\u00f3bra 2018<\/strong><\/p>\n<p>8:00 \u2013 8:20\u00a0\u00a0\u00a0\u00a0 <strong>Mgr.<\/strong> <strong>Anita Kozubov\u00e1, PhD.\/Mgr. Martin Golec, Ph.D.<\/strong>: Integra\u010dn\u00e9 a dezintegra\u010dn\u00e9 procesy medzi v\u00fdchodohal\u0161tatskou a vekerzugskou kult\u00farou.<\/p>\n<p>8:20 \u2013 8:40\u00a0\u00a0\u00a0\u00a0 <strong>Mgr.<\/strong> <strong>Anita Kozubov\u00e1, PhD.\/Mgr. Veronika Horv\u00e1th<\/strong>: Interregion\u00e1lne kontakty vekerzugskej kult\u00fary na pr\u00edklade pohrebiska v Eger-Nagy Eged (Kom. Heves).<\/p>\n<p>8:40 &#8211; 9:00\u00a0\u00a0\u00a0\u00a0 <strong>Dr.<\/strong> <strong>Dagmara Laciak:<\/strong> Wyniky bada\u0144 nad chronologi\u0105 objekt\u00f3w funeralnych z\u00a0Polski po\u0142udniowo-zachodniej.\/Results of research on the chronology of funeral objects from south-western Poland.<\/p>\n<p>9:00 \u2013 9:20\u00a0\u00a0\u00a0\u00a0 <strong>Mgr. Paulina Kowalczyk-Matys<\/strong>: Groby zbiorowe w kulturze \u0142u\u017cyckiej.<\/p>\n<p>9:20 &#8211; 9:30 \u00a0\u00a0\u00a0 Diskusia<\/p>\n<p><strong>&#8212;&#8212;&#8212;&#8212;&#8212;&#8212;&#8212;&#8212;&#8212;&#8212;&#8212;&#8212;&#8212;&#8212;&#8212;&#8212;&#8212;&#8212;&#8212;&#8212;&#8212;&#8212;&#8211;<\/strong><\/p>\n<p>9:30 \u2013 10:00\u00a0 Prest\u00e1vka<\/p>\n<p><strong>&#8212;&#8212;&#8212;&#8212;&#8212;&#8212;&#8212;&#8212;&#8212;&#8212;&#8212;&#8212;&#8212;&#8212;&#8212;&#8212;&#8212;&#8212;&#8212;&#8212;&#8212;&#8212;&#8211;<\/strong><\/p>\n<p><strong>\u00a0<\/strong>10:00 \u2013 10:20<strong>\u00a0\u00a0 PhDr. Ivan Cheben, CSc.\/Mgr. Petra Chebenov\u00e1\/Mgr. Barbara Zajacov\u00e1, PhD.<\/strong>: Kostrov\u00e9 hroby na pohrebisku v\u00a0Tren\u010d\u00edne.<\/p>\n<p>10:20 \u2013 10:40\u00a0\u00a0 <strong>Mgr.<\/strong> <strong>Erika Makarov\u00e1, PhD.:<\/strong> Nadregion\u00e1lne kontakty plat\u011bnickej kult\u00fary na pr\u00edklade pohrebiska v\u00a0Moravi\u010danoch (okr. \u0160umperk).<\/p>\n<p>10:40 \u2013 11:00<strong>\u00a0\u00a0 Mgr. David Parma, Ph.D.\/Mgr. Peter Barta, PhD.\/RNDr. Ivana Jaro\u0161ov\u00e1, Ph.D.\/Mgr. Sylva Kaupov\u00e1\/RNDr. Miriam N\u00fdvltov\u00e1 Fi\u0161\u00e1kov\u00e1, Ph.D.\/MUDr. Lenka Vargov\u00e1, Ph.D.<\/strong>: D\u00e1ma v\u00a0nesn\u00e1z\u00edch. Unik\u00e1tn\u00ed poh\u0159eb z\u00a0doby bronzov\u00e9 z\u00a0Ivanovic na Han\u00e9.<\/p>\n<p>11:00 \u2013 11:20\u00a0\u00a0 Diskusia<\/p>\n<p><strong>&#8212;&#8212;&#8212;&#8212;&#8212;&#8212;&#8212;&#8212;&#8212;&#8212;&#8212;&#8212;&#8212;&#8212;&#8212;&#8212;&#8212;&#8212;&#8212;&#8212;&#8212;&#8212;&#8211;<\/strong><\/p>\n<p>11:30 \u2013 13:00\u00a0 \u00a0Obed<\/p>\n<p><strong>&#8212;&#8212;&#8212;&#8212;&#8212;&#8212;&#8212;&#8212;&#8212;&#8212;&#8212;&#8212;&#8212;&#8212;&#8212;&#8212;&#8212;&#8212;&#8212;&#8212;&#8212;&#8212;&#8211;<\/strong><\/p>\n<p><strong>\u00a0<\/strong>13:00 \u2013 13:20\u00a0\u00a0 <strong>Mgr.<\/strong> <strong>Szilvia Guba<\/strong>: Cemeteries and burial rites of the Kyjatice Culture in N\u00f3gr\u00e1d country.<\/p>\n<p>13:20 \u2013 13:40\u00a0\u00a0 <strong>Prof. PhDr. M\u00e1ria Novotn\u00e1, DrSc.<\/strong>: K\u00a0symbolike slne\u010dnej b\u00e1rky a v\u00fdznamu voza pri pohrebe obdobia star\u0161\u00edch popolnicov\u00fdch pol\u00ed.<\/p>\n<p>13:40 \u2013 14:00\u00a0\u00a0 <strong>Mgr. Marek P\u016flp\u00e1n<\/strong>: P\u0159edb\u011b\u017en\u00e1 zpr\u00e1va o v\u00fdzkumu hrobu bylansk\u00e9 kultury se \u010dty\u0159kolov\u00fdm vozem z\u00a0Lovosic (okr. Litom\u011b\u0159ice, severoz\u00e1padn\u00ed \u010cechy).<\/p>\n<p>14:00 \u2013 14:10\u00a0 Diskusia<\/p>\n<p><strong>&#8212;&#8212;&#8212;&#8212;&#8212;&#8212;&#8212;&#8212;&#8212;&#8212;&#8212;&#8212;&#8212;&#8212;&#8212;&#8212;&#8212;&#8212;&#8212;&#8212;&#8212;&#8212;&#8211;<\/strong><\/p>\n<p>14:10 \u2013 14:40\u00a0 Prest\u00e1vka<\/p>\n<p><strong>&#8212;&#8212;&#8212;&#8212;&#8212;&#8212;&#8212;&#8212;&#8212;&#8212;&#8212;&#8212;&#8212;&#8212;&#8212;&#8212;&#8212;&#8212;&#8212;&#8212;&#8212;&#8212;&#8211;<\/strong><\/p>\n<p><strong>\u00a0<\/strong>14:40 \u2013 15:00<strong>\u00a0\u00a0 PhDr. Miloslav Chytr\u00e1\u010dek, Ph.D.\/Doc. Mgr. Ond\u0159ej Chvojka, Ph.D.:<\/strong> Kn\u00ed\u017eec\u00ed hrob z\u00a0pozdn\u00ed doby hal\u0161tatsk\u00e9 v\u00a0Rovn\u00e9 u Strakonic. Symbolika um\u011bleck\u00e9ho projevu elity 6. &#8211; 5. stol. p\u0159. Kr., jej\u00ed inspirace a funkce.<\/p>\n<p>15:00 \u2013 15:20\u00a0\u00a0 <strong>Mgr.<\/strong> <strong>Martin Golec, Ph.D.\/Bc. Zuzana M\u00edrov\u00e1: <\/strong>Identifikace elit v\u00a0dob\u011b hal\u0161tatsk\u00e9 na Morav\u011b.<\/p>\n<p>15:20 \u2013 15:40\u00a0\u00a0 <strong>Mgr.<\/strong> <strong>Michal Felcan\/Mgr. Zuzana Litviakov\u00e1, PhD.<\/strong>: Hal\u0161tatsk\u00e9 mohyly na juhoz\u00e1padnom Slovensku \u2013 str\u00e1caj\u00face sa monumenty.<\/p>\n<p>15:40 \u2013 15:50\u00a0\u00a0 Diskusia<\/p>\n<p><strong>&#8212;&#8212;&#8212;&#8212;&#8212;&#8212;&#8212;&#8212;&#8212;&#8212;&#8212;&#8212;&#8212;&#8212;&#8212;&#8212;&#8212;&#8212;&#8212;&#8212;&#8212;&#8212;&#8211;<\/strong><\/p>\n<p>15:50 \u2013 16:20\u00a0 Prest\u00e1vka<\/p>\n<p><strong>&#8212;&#8212;&#8212;&#8212;&#8212;&#8212;&#8212;&#8212;&#8212;&#8212;&#8212;&#8212;&#8212;&#8212;&#8212;&#8212;&#8212;&#8212;&#8212;&#8212;&#8212;&#8212;&#8211;<\/strong><\/p>\n<p><strong>\u00a0<\/strong>16:20 \u2013 16:40<strong>\u00a0\u00a0 PhDr. Vladim\u00edr Mit\u00e1\u0161, PhD.\/PaeDr. J\u00e1n \u0160tub\u0148a, PhD.<\/strong>: Horsk\u00fd kri\u0161t\u00e1\u013e v archeologick\u00fdch n\u00e1lezoch z\u00a0doby popolnicov\u00fdch pol\u00ed na Slovensku a\u00a0okolit\u00fdch terit\u00f3ri\u00e1ch.<\/p>\n<p>16:40 \u2013 17:00<strong>\u00a0\u00a0 PhDr. Martin Trefn\u00fd, Ph.D.\/Mgr. Tom\u00e1\u0161 Poli\u0161ensk\u00fd\/Michal Cihla<\/strong>: N\u00e1hled do v\u00fdrobn\u00edch technologi\u00ed star\u0161\u00ed doby \u017eelezn\u00e9 v\u00a0\u010cech\u00e1ch: Letov\u00e1n\u00ed a pou\u017e\u00edv\u00e1n\u00ed barev.<\/p>\n<p>17:00 \u2013 17:30\u00a0\u00a0 Diskusia a ukon\u010denie predn\u00e1\u0161kovej \u010dasti podujatia.<\/p>\n<p>&nbsp;<\/p>\n<p><strong>\u0160tvrtok 18. okt\u00f3bra 2018<\/strong><\/p>\n<p>8:00 \u2013 19:00\u00a0 \u00a0<strong>Exkurzia:<\/strong> hradisko Smolenice-Molp\u00edr, hrad \u010cerven\u00fd kame\u0148, Mohyla gener\u00e1la M. R. \u0160tef\u00e1nika na Bradle, M\u00fazeum M. R. \u0160tef\u00e1nika v\u00a0Doln\u00fdch Ko\u0161arisk\u00e1ch, Turistick\u00fd ran\u010d Podkylava (detailnej\u0161ie inform\u00e1cie v\u00a0programe exkurzie).<\/p>\n<p><strong><u>\u00a0<\/u><\/strong><\/p>\n<p><strong>Postery<\/strong><\/p>\n<p><strong>\u00a0<\/strong><strong>1<\/strong>. <strong> PhDr. Jozef B\u00e1tora, DrSc.\/PhDr. Martin Ba\u010da, PhD.<\/strong>: S\u00eddlisko \u010dakanskej kult\u00fary z\u00a0Jel\u0161oviec.<\/p>\n<p><strong>2. prof. PhDr. Jozef B\u00e1tora, DrSc.\/PhDr. Martin Ba\u010da, PhD.:<\/strong> Pozoruhodn\u00e1 antropomorfn\u00e1 plastika zo s\u00eddliska \u010dakanskej kult\u00fary v\u00a0M\u00fdtnej Novej Vsi.<\/p>\n<p><strong>\u00a03.\u00a0<\/strong><strong>PhDr. Martina Bekov\u00e1\/PhDr. Mgr. Zuzana Bl\u00e1hov\u00e1-Sklen\u00e1\u0159ov\u00e1, Ph.D.: <\/strong>Nov\u00e9 poznatky k\u00a0os\u00eddlen\u00ed lu\u017eick\u00fdch popelnicov\u00fdch pol\u00ed v\u00a0povod\u00ed Orlice.<\/p>\n<p><strong>\u00a04.\u00a0<\/strong><strong>Mgr. Radoslav \u010cambal, PhD.\/Mgr. Katar\u00edna Hlad\u00edkov\u00e1, PhD.\/Mgr. Petra Kme\u0165ov\u00e1, PhD.:<\/strong> S\u00eddliskov\u00e9 objekty zo star\u0161ej doby \u017eeleznej v\u00a0\u0160a\u0161t\u00edne-Str\u00e1\u017each.<\/p>\n<p><strong>\u00a05. D<\/strong><strong>oc. Mgr.<\/strong> <strong>Ond\u0159ej Chvojka, Ph.D.\/PhDr. Petr Men\u0161\u00edk, Ph.D.\/Mgr. Tereza \u0160\u00e1lkov\u00e1\/RNDr. Roman K\u0159iv\u00e1nek, Ph.D.<\/strong>: B\u0159eznice u Bechyn\u011b \u2013 s\u00eddeln\u00ed are\u00e1l se \u017elabovit\u00fdmi objekty z\u00a0mlad\u0161\u00ed doby bronzov\u00e9.<\/p>\n<p><strong>\u00a06.\u00a0<\/strong><strong>Ing. Jana Mih\u00e1lyiov\u00e1\/PhDr.<\/strong> <strong>Vladim\u00edr Mit\u00e1\u0161, PhD.\/Mgr. Jozef Urminsk\u00fd: <\/strong>Archeobotanick\u00e1 anal\u00fdza kopij\u00ed\/o\u0161tepov z\u00a0doby popolnicov\u00fdch pol\u00ed na Pova\u017e\u00ed (z\u00e1padn\u00e9 Slovensko).<\/p>\n<p><strong>7.<\/strong>\u00a0<strong>Mgr. Marek Nov\u00e1k<\/strong>: Norse Farming in Greenland: Agriculture in the edge.<\/p>\n<p><strong>8. M<\/strong><strong>gr. Kamila Pokorn\u00e1\/Doc. Mgr.<\/strong> <strong>Ond\u0159ej Chvojka, Ph.D.<\/strong>: Rataje (okr. T\u00e1bor) \u2013 s\u00eddli\u0161t\u011b ze z\u00e1v\u011bru doby bronzov\u00e9.<\/p>\n<p><strong>9.\u00a0PhDr. Radka \u0160umberov\u00e1, Ph.D.:<\/strong> Kutnohorsko v\u00a0pozdn\u00ed dob\u011b hal\u0161tatsk\u00e9.<\/p>\n","protected":false},"excerpt":{"rendered":"<p>V\u00a0d\u0148och od 15. 10. do 19. 10. 2018 sa uskuto\u010dn\u00ed v\u00a0porad\u00ed u\u017e 15. medzin\u00e1rodn\u00e1 konferencia Doba popolnicov\u00fdch pol\u00ed a\u00a0doba hal\u0161tatsk\u00e1. Konferencie sa z\u00fa\u010dastnia popredn\u00ed b\u00e1datelia zo Slovenska, \u010ceskej republiky, Ma\u010farska, Po\u013eska a Rak\u00faska. Rokova\u0165 sa bude o\u00a0aktu\u00e1lnych ot\u00e1zkach, ktor\u00e9 sa t\u00fdkaj\u00fa tak mladej a\u00a0neskorej doby bronzovej, ako aj star\u0161ej doby \u017eeleznej v\u00a0\u0161ir\u0161om priestore strednej Eur\u00f3py.<\/p>\n","protected":false},"author":2,"featured_media":0,"comment_status":"closed","ping_status":"open","sticky":false,"template":"","format":"standard","meta":[],"categories":[2],"tags":[],"_links":{"self":[{"href":"https:\/\/archeol.sav.sk\/index.php\/wp-json\/wp\/v2\/posts\/3892"}],"collection":[{"href":"https:\/\/archeol.sav.sk\/index.php\/wp-json\/wp\/v2\/posts"}],"about":[{"href":"https:\/\/archeol.sav.sk\/index.php\/wp-json\/wp\/v2\/types\/post"}],"author":[{"embeddable":true,"href":"https:\/\/archeol.sav.sk\/index.php\/wp-json\/wp\/v2\/users\/2"}],"replies":[{"embeddable":true,"href":"https:\/\/archeol.sav.sk\/index.php\/wp-json\/wp\/v2\/comments?post=3892"}],"version-history":[{"count":5,"href":"https:\/\/archeol.sav.sk\/index.php\/wp-json\/wp\/v2\/posts\/3892\/revisions"}],"predecessor-version":[{"id":3955,"href":"https:\/\/archeol.sav.sk\/index.php\/wp-json\/wp\/v2\/posts\/3892\/revisions\/3955"}],"wp:attachment":[{"href":"https:\/\/archeol.sav.sk\/index.php\/wp-json\/wp\/v2\/media?parent=3892"}],"wp:term":[{"taxonomy":"category","embeddable":true,"href":"https:\/\/archeol.sav.sk\/index.php\/wp-json\/wp\/v2\/categories?post=3892"},{"taxonomy":"post_tag","embeddable":true,"href":"https:\/\/archeol.sav.sk\/index.php\/wp-json\/wp\/v2\/tags?post=3892"}],"curies":[{"name":"wp","href":"https:\/\/api.w.org\/{rel}","templated":true}]}}