{"id":3694,"date":"2018-09-12T14:27:54","date_gmt":"2018-09-12T12:27:54","guid":{"rendered":"http:\/\/archeol.sav.sk\/?p=3694"},"modified":"2018-09-12T14:57:49","modified_gmt":"2018-09-12T12:57:49","slug":"slovenski-archeologovia-sa-zucastnili-vyskumu-lode-zo-16-storocia","status":"publish","type":"post","link":"https:\/\/archeol.sav.sk\/index.php\/sk\/2018\/09\/12\/slovenski-archeologovia-sa-zucastnili-vyskumu-lode-zo-16-storocia\/","title":{"rendered":"Slovensk\u00ed archeol\u00f3govia sa z\u00fa\u010dastnili v\u00fdskumu lode zo 16. storo\u010dia"},"content":{"rendered":"<figure id=\"attachment_3695\" aria-describedby=\"caption-attachment-3695\" style=\"width: 290px\" class=\"wp-caption alignright\"><a href=\"http:\/\/archeol.sav.sk\/files\/01.jpg\"><img decoding=\"async\" loading=\"lazy\" class=\"wp-image-3695 size-medium\" src=\"http:\/\/archeol.sav.sk\/files\/01-300x169.jpg\" alt=\"01\" width=\"300\" height=\"169\" srcset=\"https:\/\/archeol.sav.sk\/files\/01-300x169.jpg 300w, https:\/\/archeol.sav.sk\/files\/01-768x432.jpg 768w, https:\/\/archeol.sav.sk\/files\/01-1024x576.jpg 1024w\" sizes=\"(max-width: 300px) 100vw, 300px\" \/><\/a><figcaption id=\"caption-attachment-3695\" class=\"wp-caption-text\">Ostrov Gnali\u0107<\/figcaption><\/figure>\n<p>Na za\u010diatku septembra 2018 sa v\u00a0Chorv\u00e1tskom Tkone uskuto\u010dnila Letn\u00e1 \u0161kola archeol\u00f3gie pod vodou. Organiz\u00e1tormi boli Univerzita v\u00a0Zadare (Irena Radi\u0107 Rossi), Katedra klasickej archeol\u00f3gie v\u00a0Trnave (M. Da\u0148ov\u00e1) s\u00a0akt\u00edvnou \u00fa\u010das\u0165ou Archeologick\u00e9ho \u00fastavu SAV (K. Da\u0148ov\u00e1).<\/p>\n<p>Predmetom v\u00fdskumu bola ben\u00e1tska lo\u010f Gagliana Grossa, ktor\u00e1 stroskotala v\u00a0novembri 1583 pri ostrove Gnali\u0107. Lo\u010f smerovala z\u00a0Ben\u00e1tok do Kon\u0161tant\u00ednopolu a\u00a0viezla mno\u017estvo luxusn\u00e9ho tovaru. V\u00fdskum lode je financovan\u00fd v\u010faka medzin\u00e1rodn\u00e9mu projektu \u201e<a href=\"http:\/\/www.adriasproject.org\/en\/project\/\">Project ADRIAS, Gnali\u0107 Project \u2013 The Shipwreck of Gnali\u0107. Mirror of Renaissance World<\/a>.\u201c<\/p>\n<p>Letn\u00e1 \u0161kola archeol\u00f3gie sa venovala z\u00edskaniu ter\u00e9nnych zru\u010dnost\u00ed pri odkr\u00fdvan\u00ed a dokumentovan\u00ed vraku lode v\u00a0h\u013abke 24 \u2013 27 m a\u00a0n\u00e1sledn\u00e9 laborat\u00f3rne spracovanie. Medzin\u00e1rodn\u00fd t\u00edm bol zlo\u017een\u00fd zo \u0161tudentov,\u00a0archeol\u00f3gov ale aj profesion\u00e1lnych pot\u00e1pa\u010dov z\u00a0Chorv\u00e1tska, Slovenska, \u010ciech, Nemecka, Talianska, \u0160panielska, Alb\u00e1nska, Gr\u00e9cka a\u00a0Om\u00e1nu. V\u00a0t\u00edme boli aj konzerv\u00e1tori z\u00a0Istituto Superiore per la Conservazione ed il Restauro (Taliansko), ktor\u00ed pod veden\u00edm dott.ssa Barbary Davidde pom\u00e1hali pri re\u0161taurovan\u00ed a\u00a0konzerv\u00e1cii n\u00e1lezov.<\/p>\n<p><!--more--><\/p>\n<p>&nbsp;<\/p>\n<div class=\"mceTemp\"><\/div>\n<figure id=\"attachment_3696\" aria-describedby=\"caption-attachment-3696\" style=\"width: 290px\" class=\"wp-caption alignleft\"><a href=\"http:\/\/archeol.sav.sk\/files\/02.jpg\"><img decoding=\"async\" loading=\"lazy\" class=\"wp-image-3696 size-medium\" src=\"http:\/\/archeol.sav.sk\/files\/02-300x225.jpg\" alt=\"Odstra\u0148ovanie sedimentu pomocou ods\u00e1vania\" width=\"300\" height=\"225\" srcset=\"https:\/\/archeol.sav.sk\/files\/02-300x225.jpg 300w, https:\/\/archeol.sav.sk\/files\/02-768x576.jpg 768w, https:\/\/archeol.sav.sk\/files\/02-1024x768.jpg 1024w\" sizes=\"(max-width: 300px) 100vw, 300px\" \/><\/a><figcaption id=\"caption-attachment-3696\" class=\"wp-caption-text\">Odstra\u0148ovanie sedimentu pomocou ods\u00e1vania<\/figcaption><\/figure>\n<figure id=\"attachment_3697\" aria-describedby=\"caption-attachment-3697\" style=\"width: 290px\" class=\"wp-caption alignright\"><a href=\"http:\/\/archeol.sav.sk\/files\/03.jpg\"><img decoding=\"async\" loading=\"lazy\" class=\"wp-image-3697 size-medium\" src=\"http:\/\/archeol.sav.sk\/files\/03-300x225.jpg\" alt=\"Kresbov\u00e1 dokument\u00e1cia\" width=\"300\" height=\"225\" srcset=\"https:\/\/archeol.sav.sk\/files\/03-300x225.jpg 300w, https:\/\/archeol.sav.sk\/files\/03-768x576.jpg 768w, https:\/\/archeol.sav.sk\/files\/03-1024x768.jpg 1024w\" sizes=\"(max-width: 300px) 100vw, 300px\" \/><\/a><figcaption id=\"caption-attachment-3697\" class=\"wp-caption-text\">Kresbov\u00e1 dokument\u00e1cia<\/figcaption><\/figure>\n<div class=\"mceTemp\"><\/div>\n<p>&nbsp;<\/p>\n<figure style=\"width: 290px\" class=\"wp-caption alignleft\"><a href=\"http:\/\/archeol.sav.sk\/files\/04.jpg\"><img decoding=\"async\" loading=\"lazy\" class=\"size-medium wp-image-3698\" src=\"http:\/\/archeol.sav.sk\/files\/04-300x225.jpg\" alt=\"Oddych na dekompresn\u00fdch zast\u00e1vkach\" width=\"300\" height=\"225\" srcset=\"https:\/\/archeol.sav.sk\/files\/04-300x225.jpg 300w, https:\/\/archeol.sav.sk\/files\/04-768x576.jpg 768w, https:\/\/archeol.sav.sk\/files\/04-1024x768.jpg 1024w\" sizes=\"(max-width: 300px) 100vw, 300px\" \/><figcaption class=\"wp-caption-text\">Oddych na dekompresn\u00fdch zast\u00e1vkach<\/figcaption><\/figure>\n<figure style=\"width: 215px\" class=\"wp-caption alignright\"><a href=\"http:\/\/archeol.sav.sk\/files\/05.jpg\"><img decoding=\"async\" loading=\"lazy\" class=\"wp-image-3699 size-medium\" src=\"http:\/\/archeol.sav.sk\/files\/05-225x300.jpg\" alt=\"Laborat\u00f3rne spracovanie n\u00e1lezov\" width=\"225\" height=\"300\" srcset=\"https:\/\/archeol.sav.sk\/files\/05-225x300.jpg 225w, https:\/\/archeol.sav.sk\/files\/05.jpg 720w\" sizes=\"(max-width: 225px) 100vw, 225px\" \/><figcaption class=\"wp-caption-text\">Laborat\u00f3rne spracovanie n\u00e1lezov<\/figcaption><\/figure>\n<figure id=\"attachment_3700\" aria-describedby=\"caption-attachment-3700\" style=\"width: 190px\" class=\"wp-caption alignleft\"><a href=\"http:\/\/archeol.sav.sk\/files\/06.jpg\"><img decoding=\"async\" loading=\"lazy\" class=\"size-medium wp-image-3700\" src=\"http:\/\/archeol.sav.sk\/files\/06-169x300.jpg\" alt=\"V\u00fdber z n\u00e1lezov z lode Gagliana Grossa \" width=\"200\" height=\"300\" \/><figcaption id=\"caption-attachment-3700\" class=\"wp-caption-text\">V\u00fdber z n\u00e1lezov z lode Gagliana Grossa<\/figcaption><\/figure>\n<figure id=\"attachment_3701\" aria-describedby=\"caption-attachment-3701\" style=\"width: 290px\" class=\"wp-caption alignright\"><a href=\"http:\/\/archeol.sav.sk\/files\/07.jpg\"><img decoding=\"async\" loading=\"lazy\" class=\"size-medium wp-image-3701\" src=\"http:\/\/archeol.sav.sk\/files\/07-300x169.jpg\" alt=\"V\u00fdber z n\u00e1lezov z lode Gagliana Grossa \" width=\"300\" height=\"169\" srcset=\"https:\/\/archeol.sav.sk\/files\/07-300x169.jpg 300w, https:\/\/archeol.sav.sk\/files\/07-768x432.jpg 768w, https:\/\/archeol.sav.sk\/files\/07-1024x576.jpg 1024w\" sizes=\"(max-width: 300px) 100vw, 300px\" \/><figcaption id=\"caption-attachment-3701\" class=\"wp-caption-text\">V\u00fdber z n\u00e1lezov z lode Gagliana Grossa<\/figcaption><\/figure>\n","protected":false},"excerpt":{"rendered":"<p>Na za\u010diatku septembra 2018 sa v\u00a0Chorv\u00e1tskom Tkone uskuto\u010dnila Letn\u00e1 \u0161kola archeol\u00f3gie pod vodou. Organiz\u00e1tormi boli Univerzita v\u00a0Zadare (Irena Radi\u0107 Rossi), Katedra klasickej archeol\u00f3gie v\u00a0Trnave (M. Da\u0148ov\u00e1) s\u00a0akt\u00edvnou \u00fa\u010das\u0165ou Archeologick\u00e9ho \u00fastavu SAV (K. Da\u0148ov\u00e1). Predmetom v\u00fdskumu bola ben\u00e1tska lo\u010f Gagliana Grossa, ktor\u00e1 stroskotala v\u00a0novembri 1583 pri ostrove Gnali\u0107. Lo\u010f smerovala z\u00a0Ben\u00e1tok do Kon\u0161tant\u00ednopolu a\u00a0viezla mno\u017estvo luxusn\u00e9ho &#8230; <a class=\"read-more\" href=\"https:\/\/archeol.sav.sk\/index.php\/sk\/2018\/09\/12\/slovenski-archeologovia-sa-zucastnili-vyskumu-lode-zo-16-storocia\/\">\u010c\u00edtajte viac<\/a><\/p>\n","protected":false},"author":2,"featured_media":0,"comment_status":"closed","ping_status":"open","sticky":false,"template":"","format":"standard","meta":[],"categories":[2],"tags":[],"_links":{"self":[{"href":"https:\/\/archeol.sav.sk\/index.php\/wp-json\/wp\/v2\/posts\/3694"}],"collection":[{"href":"https:\/\/archeol.sav.sk\/index.php\/wp-json\/wp\/v2\/posts"}],"about":[{"href":"https:\/\/archeol.sav.sk\/index.php\/wp-json\/wp\/v2\/types\/post"}],"author":[{"embeddable":true,"href":"https:\/\/archeol.sav.sk\/index.php\/wp-json\/wp\/v2\/users\/2"}],"replies":[{"embeddable":true,"href":"https:\/\/archeol.sav.sk\/index.php\/wp-json\/wp\/v2\/comments?post=3694"}],"version-history":[{"count":26,"href":"https:\/\/archeol.sav.sk\/index.php\/wp-json\/wp\/v2\/posts\/3694\/revisions"}],"predecessor-version":[{"id":3727,"href":"https:\/\/archeol.sav.sk\/index.php\/wp-json\/wp\/v2\/posts\/3694\/revisions\/3727"}],"wp:attachment":[{"href":"https:\/\/archeol.sav.sk\/index.php\/wp-json\/wp\/v2\/media?parent=3694"}],"wp:term":[{"taxonomy":"category","embeddable":true,"href":"https:\/\/archeol.sav.sk\/index.php\/wp-json\/wp\/v2\/categories?post=3694"},{"taxonomy":"post_tag","embeddable":true,"href":"https:\/\/archeol.sav.sk\/index.php\/wp-json\/wp\/v2\/tags?post=3694"}],"curies":[{"name":"wp","href":"https:\/\/api.w.org\/{rel}","templated":true}]}}