{"id":2878,"date":"2017-11-05T09:00:02","date_gmt":"2017-11-05T07:00:02","guid":{"rendered":"http:\/\/archeol.sav.sk\/?p=2878"},"modified":"2017-11-05T09:32:54","modified_gmt":"2017-11-05T07:32:54","slug":"den-otvorenych-dveri-3","status":"publish","type":"post","link":"https:\/\/archeol.sav.sk\/index.php\/sk\/2017\/11\/05\/den-otvorenych-dveri-3\/","title":{"rendered":"De\u0148 otvoren\u00fdch dver\u00ed"},"content":{"rendered":"<p>Poz\u00fdvame v\u00e1s na de\u0148 otvoren\u00fdch dver\u00ed na Archeologickom \u00fastave SAV.<\/p>\n<p><a href=\"http:\/\/archeol.sav.sk\/files\/bojna16.jpg\"><img decoding=\"async\" loading=\"lazy\" class=\"alignright wp-image-2881 size-medium\" src=\"http:\/\/archeol.sav.sk\/files\/bojna16-300x207.jpg\" alt=\"bojna16\" width=\"300\" height=\"207\" srcset=\"https:\/\/archeol.sav.sk\/files\/bojna16-300x207.jpg 300w, https:\/\/archeol.sav.sk\/files\/bojna16-768x530.jpg 768w, https:\/\/archeol.sav.sk\/files\/bojna16-1024x707.jpg 1024w, https:\/\/archeol.sav.sk\/files\/bojna16.jpg 1200w\" sizes=\"(max-width: 300px) 100vw, 300px\" \/><\/a><\/p>\n<p>T\u00e9ma podujatia: <strong>Tajomstv\u00e1 archeol\u00f3gie. Za pokladmi minulosti.<\/strong><br \/>\nProgram: V\u00fdstava depotu \u017eeliez z Bojnej, pokladu strieborn\u00fdch minc\u00ed z Hybe a Lu\u010divnej. Predn\u00e1\u0161ka o<br \/>\nnajnov\u0161\u00edch archeologick\u00fdch v\u00fdskumoch. Prezent\u00e1cia interdisciplin\u00e1rnej spolupr\u00e1ce s r\u00f4znymi vedn\u00fdmi<br \/>\nodbormi ako s\u00fa antropol\u00f3gia, zool\u00f3gia, botanika, geol\u00f3gia, fyzika a in\u00e9.<\/p>\n<p>&nbsp;<\/p>\n<p>Miesto konania: <strong>Budova SAV na Akademickej ulici 2 v Nitre<\/strong><\/p>\n<p>D\u00e1tum konania:<strong> 8. 11. 2017<\/strong><\/p>\n<p>\u010cas konania:<strong> 9.00-14.00<\/strong><\/p>\n<p>Predn\u00e1\u0161ka:<\/p>\n","protected":false},"excerpt":{"rendered":"<p>Poz\u00fdvame v\u00e1s na de\u0148 otvoren\u00fdch dver\u00ed na Archeologickom \u00fastave SAV. T\u00e9ma podujatia: Tajomstv\u00e1 archeol\u00f3gie. Za pokladmi minulosti. Program: V\u00fdstava depotu \u017eeliez z Bojnej, pokladu strieborn\u00fdch minc\u00ed z Hybe a Lu\u010divnej. Predn\u00e1\u0161ka o najnov\u0161\u00edch archeologick\u00fdch v\u00fdskumoch. Prezent\u00e1cia interdisciplin\u00e1rnej spolupr\u00e1ce s r\u00f4znymi vedn\u00fdmi odbormi ako s\u00fa antropol\u00f3gia, zool\u00f3gia, botanika, geol\u00f3gia, fyzika a in\u00e9. &nbsp; Miesto konania: Budova &#8230; <a class=\"read-more\" href=\"https:\/\/archeol.sav.sk\/index.php\/sk\/2017\/11\/05\/den-otvorenych-dveri-3\/\">\u010c\u00edtajte viac<\/a><\/p>\n","protected":false},"author":2,"featured_media":0,"comment_status":"closed","ping_status":"open","sticky":false,"template":"","format":"standard","meta":[],"categories":[28],"tags":[],"_links":{"self":[{"href":"https:\/\/archeol.sav.sk\/index.php\/wp-json\/wp\/v2\/posts\/2878"}],"collection":[{"href":"https:\/\/archeol.sav.sk\/index.php\/wp-json\/wp\/v2\/posts"}],"about":[{"href":"https:\/\/archeol.sav.sk\/index.php\/wp-json\/wp\/v2\/types\/post"}],"author":[{"embeddable":true,"href":"https:\/\/archeol.sav.sk\/index.php\/wp-json\/wp\/v2\/users\/2"}],"replies":[{"embeddable":true,"href":"https:\/\/archeol.sav.sk\/index.php\/wp-json\/wp\/v2\/comments?post=2878"}],"version-history":[{"count":3,"href":"https:\/\/archeol.sav.sk\/index.php\/wp-json\/wp\/v2\/posts\/2878\/revisions"}],"predecessor-version":[{"id":2883,"href":"https:\/\/archeol.sav.sk\/index.php\/wp-json\/wp\/v2\/posts\/2878\/revisions\/2883"}],"wp:attachment":[{"href":"https:\/\/archeol.sav.sk\/index.php\/wp-json\/wp\/v2\/media?parent=2878"}],"wp:term":[{"taxonomy":"category","embeddable":true,"href":"https:\/\/archeol.sav.sk\/index.php\/wp-json\/wp\/v2\/categories?post=2878"},{"taxonomy":"post_tag","embeddable":true,"href":"https:\/\/archeol.sav.sk\/index.php\/wp-json\/wp\/v2\/tags?post=2878"}],"curies":[{"name":"wp","href":"https:\/\/api.w.org\/{rel}","templated":true}]}}