{"id":2807,"date":"2017-11-03T09:00:59","date_gmt":"2017-11-03T07:00:59","guid":{"rendered":"http:\/\/archeol.sav.sk\/?p=2807"},"modified":"2017-10-31T07:51:16","modified_gmt":"2017-10-31T05:51:16","slug":"pozyvame-vas-na-prednasku-o-hradoch","status":"publish","type":"post","link":"https:\/\/archeol.sav.sk\/index.php\/sk\/2017\/11\/03\/pozyvame-vas-na-prednasku-o-hradoch\/","title":{"rendered":"Poz\u00fdvame v\u00e1s na predn\u00e1\u0161ku o hradoch"},"content":{"rendered":"<p><a href=\"http:\/\/archeol.sav.sk\/files\/PUSTY-HRAD_pozvanka-prednaska-kniznica-2017_web.jpg\"><img decoding=\"async\" loading=\"lazy\" class=\"alignright wp-image-2808\" src=\"http:\/\/archeol.sav.sk\/files\/PUSTY-HRAD_pozvanka-prednaska-kniznica-2017_web-300x213.jpg\" alt=\"pusty-hrad_pozvanka-prednaska-kniznica-2017_web\" width=\"400\" height=\"284\" srcset=\"https:\/\/archeol.sav.sk\/files\/PUSTY-HRAD_pozvanka-prednaska-kniznica-2017_web-300x213.jpg 300w, https:\/\/archeol.sav.sk\/files\/PUSTY-HRAD_pozvanka-prednaska-kniznica-2017_web-768x545.jpg 768w, https:\/\/archeol.sav.sk\/files\/PUSTY-HRAD_pozvanka-prednaska-kniznica-2017_web-1024x726.jpg 1024w, https:\/\/archeol.sav.sk\/files\/PUSTY-HRAD_pozvanka-prednaska-kniznica-2017_web.jpg 1969w\" sizes=\"(max-width: 400px) 100vw, 400px\" \/><\/a>Vo \u0161tvrtok 9.11.2017 sa o 16:00 v Krajskej kni\u017enici \u013dudov\u00edta \u0160t\u00fara vo Zvolene uskuto\u010dn\u00ed tradi\u010dn\u00e1 predn\u00e1\u0161ka pre verejnos\u0165 o v\u00fdsledkoch tohtoro\u010dn\u00e9ho archeologick\u00e9ho, arch\u00edvneho a stavebnohistorick\u00e9ho v\u00fdskumu na Pustom hrade vo Zvolene i na hrade Pe\u0165u\u0161a v katastri obce Ostr\u00e1 L\u00faka.<\/p>\n<p>Predn\u00e1\u0161a\u0165 bud\u00fa archeol\u00f3govia J\u00e1n Beljak z Archeologick\u00e9ho \u00fastavu SAV, No\u00e9mi Beljak Pa\u017einov\u00e1 z Katedry archeol\u00f3gie UKF v Nitre, historik Pavol Maliniak z Katedry hist\u00f3rie UMB v Banskej Bystrici a stavebn\u00fd historik Michal \u0160imkovic zo Zvolena.<\/p>\n<p>Okrem samotnej predn\u00e1\u0161ky uk\u00e1\u017eeme n\u00e1v\u0161tevn\u00edkom aj <strong>najkraj\u0161ie tohtoro\u010dn\u00e9 archeologick\u00e9 n\u00e1lezy<\/strong> a venujeme im najnov\u0161ie prospekty o hradoch i poh\u013eadnice. Te\u0161\u00edme sa na va\u0161u \u00fa\u010das\u0165 a srde\u010dne v\u00e1s poz\u00fdvame.<\/p>\n","protected":false},"excerpt":{"rendered":"<p>Vo \u0161tvrtok 9.11.2017 sa o 16:00 v Krajskej kni\u017enici \u013dudov\u00edta \u0160t\u00fara vo Zvolene uskuto\u010dn\u00ed tradi\u010dn\u00e1 predn\u00e1\u0161ka pre verejnos\u0165 o v\u00fdsledkoch tohtoro\u010dn\u00e9ho archeologick\u00e9ho, arch\u00edvneho a stavebnohistorick\u00e9ho v\u00fdskumu na Pustom hrade vo Zvolene i na hrade Pe\u0165u\u0161a v katastri obce Ostr\u00e1 L\u00faka. Predn\u00e1\u0161a\u0165 bud\u00fa archeol\u00f3govia J\u00e1n Beljak z Archeologick\u00e9ho \u00fastavu SAV, No\u00e9mi Beljak Pa\u017einov\u00e1 z Katedry archeol\u00f3gie &#8230; <a class=\"read-more\" href=\"https:\/\/archeol.sav.sk\/index.php\/sk\/2017\/11\/03\/pozyvame-vas-na-prednasku-o-hradoch\/\">\u010c\u00edtajte viac<\/a><\/p>\n","protected":false},"author":2,"featured_media":0,"comment_status":"closed","ping_status":"open","sticky":false,"template":"","format":"standard","meta":[],"categories":[2],"tags":[],"_links":{"self":[{"href":"https:\/\/archeol.sav.sk\/index.php\/wp-json\/wp\/v2\/posts\/2807"}],"collection":[{"href":"https:\/\/archeol.sav.sk\/index.php\/wp-json\/wp\/v2\/posts"}],"about":[{"href":"https:\/\/archeol.sav.sk\/index.php\/wp-json\/wp\/v2\/types\/post"}],"author":[{"embeddable":true,"href":"https:\/\/archeol.sav.sk\/index.php\/wp-json\/wp\/v2\/users\/2"}],"replies":[{"embeddable":true,"href":"https:\/\/archeol.sav.sk\/index.php\/wp-json\/wp\/v2\/comments?post=2807"}],"version-history":[{"count":2,"href":"https:\/\/archeol.sav.sk\/index.php\/wp-json\/wp\/v2\/posts\/2807\/revisions"}],"predecessor-version":[{"id":2810,"href":"https:\/\/archeol.sav.sk\/index.php\/wp-json\/wp\/v2\/posts\/2807\/revisions\/2810"}],"wp:attachment":[{"href":"https:\/\/archeol.sav.sk\/index.php\/wp-json\/wp\/v2\/media?parent=2807"}],"wp:term":[{"taxonomy":"category","embeddable":true,"href":"https:\/\/archeol.sav.sk\/index.php\/wp-json\/wp\/v2\/categories?post=2807"},{"taxonomy":"post_tag","embeddable":true,"href":"https:\/\/archeol.sav.sk\/index.php\/wp-json\/wp\/v2\/tags?post=2807"}],"curies":[{"name":"wp","href":"https:\/\/api.w.org\/{rel}","templated":true}]}}