{"id":2754,"date":"2017-10-02T22:08:35","date_gmt":"2017-10-02T20:08:35","guid":{"rendered":"http:\/\/archeol.sav.sk\/?p=2754"},"modified":"2017-10-02T22:21:13","modified_gmt":"2017-10-02T20:21:13","slug":"vystava-najnovsich-archeologickych-nalezov-v-seredi","status":"publish","type":"post","link":"https:\/\/archeol.sav.sk\/index.php\/sk\/2017\/10\/02\/vystava-najnovsich-archeologickych-nalezov-v-seredi\/","title":{"rendered":"V\u00fdstava najnov\u0161\u00edch archeologick\u00fdch n\u00e1lezov v Seredi"},"content":{"rendered":"<p><a href=\"http:\/\/archeol.sav.sk\/files\/pozvanka-na-vystavu2.jpg\"><img decoding=\"async\" loading=\"lazy\" class=\"alignright wp-image-2758 size-medium\" src=\"http:\/\/archeol.sav.sk\/files\/pozvanka-na-vystavu2-300x207.jpg\" alt=\"pozvanka-na-vystavu2\" width=\"300\" height=\"207\" srcset=\"https:\/\/archeol.sav.sk\/files\/pozvanka-na-vystavu2-300x207.jpg 300w, https:\/\/archeol.sav.sk\/files\/pozvanka-na-vystavu2-768x530.jpg 768w, https:\/\/archeol.sav.sk\/files\/pozvanka-na-vystavu2-1024x707.jpg 1024w\" sizes=\"(max-width: 300px) 100vw, 300px\" \/><\/a><\/p>\n<p>Archeologick\u00fd \u00fastav SAV V\u00e1s srde\u010dne poz\u00fdva na v\u00fdstavu expoz\u00edcie najnov\u0161\u00edch archeologick\u00fdch n\u00e1lezov v Seredi. Vernis\u00e1\u017e v\u00fdstavy sa uskuto\u010dn\u00ed d\u0148a 6.10. o 17.00 v budove Mestsk\u00e9ho m\u00fazea v Seredi. V\u00fdstava potrv\u00e1 od 6.10.2017 &#8211; 10.1.2018.<img class=\"size-medium wp-image-2758 alignright\" \/><\/p>\n","protected":false},"excerpt":{"rendered":"<p>Archeologick\u00fd \u00fastav SAV V\u00e1s srde\u010dne poz\u00fdva na v\u00fdstavu expoz\u00edcie najnov\u0161\u00edch archeologick\u00fdch n\u00e1lezov v Seredi. Vernis\u00e1\u017e v\u00fdstavy sa uskuto\u010dn\u00ed d\u0148a 6.10. o 17.00 v budove Mestsk\u00e9ho m\u00fazea v Seredi. V\u00fdstava potrv\u00e1 od 6.10.2017 &#8211; 10.1.2018.<\/p>\n","protected":false},"author":2,"featured_media":0,"comment_status":"closed","ping_status":"open","sticky":false,"template":"","format":"standard","meta":[],"categories":[2],"tags":[],"_links":{"self":[{"href":"https:\/\/archeol.sav.sk\/index.php\/wp-json\/wp\/v2\/posts\/2754"}],"collection":[{"href":"https:\/\/archeol.sav.sk\/index.php\/wp-json\/wp\/v2\/posts"}],"about":[{"href":"https:\/\/archeol.sav.sk\/index.php\/wp-json\/wp\/v2\/types\/post"}],"author":[{"embeddable":true,"href":"https:\/\/archeol.sav.sk\/index.php\/wp-json\/wp\/v2\/users\/2"}],"replies":[{"embeddable":true,"href":"https:\/\/archeol.sav.sk\/index.php\/wp-json\/wp\/v2\/comments?post=2754"}],"version-history":[{"count":5,"href":"https:\/\/archeol.sav.sk\/index.php\/wp-json\/wp\/v2\/posts\/2754\/revisions"}],"predecessor-version":[{"id":2761,"href":"https:\/\/archeol.sav.sk\/index.php\/wp-json\/wp\/v2\/posts\/2754\/revisions\/2761"}],"wp:attachment":[{"href":"https:\/\/archeol.sav.sk\/index.php\/wp-json\/wp\/v2\/media?parent=2754"}],"wp:term":[{"taxonomy":"category","embeddable":true,"href":"https:\/\/archeol.sav.sk\/index.php\/wp-json\/wp\/v2\/categories?post=2754"},{"taxonomy":"post_tag","embeddable":true,"href":"https:\/\/archeol.sav.sk\/index.php\/wp-json\/wp\/v2\/tags?post=2754"}],"curies":[{"name":"wp","href":"https:\/\/api.w.org\/{rel}","templated":true}]}}