{"id":2743,"date":"2017-09-22T09:32:26","date_gmt":"2017-09-22T07:32:26","guid":{"rendered":"http:\/\/archeol.sav.sk\/?p=2743"},"modified":"2017-09-22T14:17:13","modified_gmt":"2017-09-22T12:17:13","slug":"letna-skola-archeologie-pod-vodou","status":"publish","type":"post","link":"https:\/\/archeol.sav.sk\/index.php\/sk\/2017\/09\/22\/letna-skola-archeologie-pod-vodou\/","title":{"rendered":"Letn\u00e1 \u0161kola archeol\u00f3gie pod vodou."},"content":{"rendered":"<p><img decoding=\"async\" loading=\"lazy\" class=\"size-medium wp-image-2744 alignright\" src=\"http:\/\/archeol.sav.sk\/files\/004b-300x201.jpg\" alt=\"004b\" width=\"300\" height=\"201\" srcset=\"https:\/\/archeol.sav.sk\/files\/004b-300x201.jpg 300w, https:\/\/archeol.sav.sk\/files\/004b-768x514.jpg 768w, https:\/\/archeol.sav.sk\/files\/004b-1024x685.jpg 1024w\" sizes=\"(max-width: 300px) 100vw, 300px\" \/>V\u00a0d\u0148och 2.- 9. 9. 2017 sa na chorv\u00e1tskom ostrove Pa\u0161man uskuto\u010dnila <a href=\"https:\/\/www.facebook.com\/permalink.php?story_fbid=2150460811847445&amp;id=1625182327708632\">letn\u00e1 \u0161kola<\/a> archeol\u00f3gie pod vodou. Ide u\u017e o\u00a0druh\u00fd ro\u010dn\u00edk tohto podujatia<strong> s\u00a0akt\u00edvnou \u00fa\u010das\u0165ou Archeologick\u00e9ho \u00fastavu SAV<\/strong> (Klaudia Da\u0148ov\u00e1). Predn\u00e1\u0161ky ako aj ter\u00e9nnu \u010das\u0165 viedla profesorka Irena Radi\u0107 Rossi zo Zadarskej univerzity. Spolu s\u00a0kolegami pripravila bohat\u00fd predn\u00e1\u0161kov\u00fd cyklus zameran\u00fd na dejiny b\u00e1dania a metodiku v\u00fdskumu. Na z\u00e1klade viacer\u00fdch prezentovan\u00fdch v\u00fdskumov bolo mo\u017en\u00e9 sledova\u0165 zmeny v\u00a0metodick\u00fdch postupoch pri r\u00f4znych typoch ako aj pri\u00a0r\u00f4znych podmienkach v\u00fdskumu. <a href=\"https:\/\/www.facebook.com\/permalink.php?story_fbid=2150460811847445&amp;id=1625182327708632\">S\u00fa\u010das\u0165ou letnej \u0161koly<\/a> bola aj ter\u00e9nna prax, ktor\u00fa \u00fa\u010dastn\u00edci absolvovali na lokalite Pola\u010dine predbe\u017ene datovanej do doby r\u00edmskej.<\/p>\n<p>&nbsp;<\/p>\n<h6>Foto: arch\u00edv ARS Nautica, Project AdriaS<\/h6>\n","protected":false},"excerpt":{"rendered":"<p>V\u00a0d\u0148och 2.- 9. 9. 2017 sa na chorv\u00e1tskom ostrove Pa\u0161man uskuto\u010dnila letn\u00e1 \u0161kola archeol\u00f3gie pod vodou. Ide u\u017e o\u00a0druh\u00fd ro\u010dn\u00edk tohto podujatia s\u00a0akt\u00edvnou \u00fa\u010das\u0165ou Archeologick\u00e9ho \u00fastavu SAV (Klaudia Da\u0148ov\u00e1). Predn\u00e1\u0161ky ako aj ter\u00e9nnu \u010das\u0165 viedla profesorka Irena Radi\u0107 Rossi zo Zadarskej univerzity. Spolu s\u00a0kolegami pripravila bohat\u00fd predn\u00e1\u0161kov\u00fd cyklus zameran\u00fd na dejiny b\u00e1dania a metodiku v\u00fdskumu. &#8230; <a class=\"read-more\" href=\"https:\/\/archeol.sav.sk\/index.php\/sk\/2017\/09\/22\/letna-skola-archeologie-pod-vodou\/\">\u010c\u00edtajte viac<\/a><\/p>\n","protected":false},"author":2,"featured_media":0,"comment_status":"closed","ping_status":"open","sticky":false,"template":"","format":"standard","meta":[],"categories":[2],"tags":[],"_links":{"self":[{"href":"https:\/\/archeol.sav.sk\/index.php\/wp-json\/wp\/v2\/posts\/2743"}],"collection":[{"href":"https:\/\/archeol.sav.sk\/index.php\/wp-json\/wp\/v2\/posts"}],"about":[{"href":"https:\/\/archeol.sav.sk\/index.php\/wp-json\/wp\/v2\/types\/post"}],"author":[{"embeddable":true,"href":"https:\/\/archeol.sav.sk\/index.php\/wp-json\/wp\/v2\/users\/2"}],"replies":[{"embeddable":true,"href":"https:\/\/archeol.sav.sk\/index.php\/wp-json\/wp\/v2\/comments?post=2743"}],"version-history":[{"count":3,"href":"https:\/\/archeol.sav.sk\/index.php\/wp-json\/wp\/v2\/posts\/2743\/revisions"}],"predecessor-version":[{"id":2747,"href":"https:\/\/archeol.sav.sk\/index.php\/wp-json\/wp\/v2\/posts\/2743\/revisions\/2747"}],"wp:attachment":[{"href":"https:\/\/archeol.sav.sk\/index.php\/wp-json\/wp\/v2\/media?parent=2743"}],"wp:term":[{"taxonomy":"category","embeddable":true,"href":"https:\/\/archeol.sav.sk\/index.php\/wp-json\/wp\/v2\/categories?post=2743"},{"taxonomy":"post_tag","embeddable":true,"href":"https:\/\/archeol.sav.sk\/index.php\/wp-json\/wp\/v2\/tags?post=2743"}],"curies":[{"name":"wp","href":"https:\/\/api.w.org\/{rel}","templated":true}]}}