{"id":2297,"date":"2016-12-30T13:04:09","date_gmt":"2016-12-30T11:04:09","guid":{"rendered":"http:\/\/archeol.sav.sk\/?p=2297"},"modified":"2016-12-30T13:04:09","modified_gmt":"2016-12-30T11:04:09","slug":"badenske-osidlenie-cerovej-vrchoviny","status":"publish","type":"post","link":"https:\/\/archeol.sav.sk\/index.php\/sk\/2016\/12\/30\/badenske-osidlenie-cerovej-vrchoviny\/","title":{"rendered":"Badensk\u00e9 os\u00eddlenie Cerovej vrchoviny"},"content":{"rendered":"<p><img decoding=\"async\" loading=\"lazy\" class=\"size-medium wp-image-2295 alignright\" src=\"http:\/\/archeol.sav.sk\/files\/Str_001_32Eur-204x300.jpg\" alt=\"str_001_32eur\" width=\"204\" height=\"300\" srcset=\"https:\/\/archeol.sav.sk\/files\/Str_001_32Eur-204x300.jpg 204w, https:\/\/archeol.sav.sk\/files\/Str_001_32Eur-768x1131.jpg 768w, https:\/\/archeol.sav.sk\/files\/Str_001_32Eur-695x1024.jpg 695w\" sizes=\"(max-width: 204px) 100vw, 204px\" \/>Vy\u0161la nov\u00e1 kniha <em>Badensk\u00e9 os\u00eddlenie Cerovej vrchoviny<\/em>, ktor\u00fa nap\u00edsal archeol\u00f3g R\u00f3bert Mal\u010dek. Kniha bude zauj\u00edmav\u00fdm pr\u00edspevkom pre v\u00fdskum neskorej doby kamennej.<\/p>\n<p>&nbsp;<\/p>\n<p><a href=\"http:\/\/archeol.sav.sk\/files\/Tit-.Obsah001.pdf\">Obsah<\/a><\/p>\n","protected":false},"excerpt":{"rendered":"<p>Vy\u0161la nov\u00e1 kniha Badensk\u00e9 os\u00eddlenie Cerovej vrchoviny, ktor\u00fa nap\u00edsal archeol\u00f3g R\u00f3bert Mal\u010dek. Kniha bude zauj\u00edmav\u00fdm pr\u00edspevkom pre v\u00fdskum neskorej doby kamennej. &nbsp; Obsah<\/p>\n","protected":false},"author":2,"featured_media":0,"comment_status":"closed","ping_status":"open","sticky":false,"template":"","format":"standard","meta":[],"categories":[2],"tags":[],"_links":{"self":[{"href":"https:\/\/archeol.sav.sk\/index.php\/wp-json\/wp\/v2\/posts\/2297"}],"collection":[{"href":"https:\/\/archeol.sav.sk\/index.php\/wp-json\/wp\/v2\/posts"}],"about":[{"href":"https:\/\/archeol.sav.sk\/index.php\/wp-json\/wp\/v2\/types\/post"}],"author":[{"embeddable":true,"href":"https:\/\/archeol.sav.sk\/index.php\/wp-json\/wp\/v2\/users\/2"}],"replies":[{"embeddable":true,"href":"https:\/\/archeol.sav.sk\/index.php\/wp-json\/wp\/v2\/comments?post=2297"}],"version-history":[{"count":1,"href":"https:\/\/archeol.sav.sk\/index.php\/wp-json\/wp\/v2\/posts\/2297\/revisions"}],"predecessor-version":[{"id":2298,"href":"https:\/\/archeol.sav.sk\/index.php\/wp-json\/wp\/v2\/posts\/2297\/revisions\/2298"}],"wp:attachment":[{"href":"https:\/\/archeol.sav.sk\/index.php\/wp-json\/wp\/v2\/media?parent=2297"}],"wp:term":[{"taxonomy":"category","embeddable":true,"href":"https:\/\/archeol.sav.sk\/index.php\/wp-json\/wp\/v2\/categories?post=2297"},{"taxonomy":"post_tag","embeddable":true,"href":"https:\/\/archeol.sav.sk\/index.php\/wp-json\/wp\/v2\/tags?post=2297"}],"curies":[{"name":"wp","href":"https:\/\/api.w.org\/{rel}","templated":true}]}}