{"id":2106,"date":"2016-10-27T20:58:38","date_gmt":"2016-10-27T18:58:38","guid":{"rendered":"http:\/\/archeol.sav.sk\/?p=2106"},"modified":"2016-10-27T20:58:55","modified_gmt":"2016-10-27T18:58:55","slug":"konferencia-o-hradnych-zrucaninach","status":"publish","type":"post","link":"https:\/\/archeol.sav.sk\/index.php\/sk\/2016\/10\/27\/konferencia-o-hradnych-zrucaninach\/","title":{"rendered":"Konferencia o hradn\u00fdch zr\u00facanin\u00e1ch"},"content":{"rendered":"<p><img decoding=\"async\" loading=\"lazy\" class=\"size-medium wp-image-2108 alignright\" src=\"http:\/\/archeol.sav.sk\/files\/pozvanka_megh\u00edv\u00e1s2-212x300.jpg\" alt=\"pozvanka_meghivas2\" width=\"212\" height=\"300\" srcset=\"https:\/\/archeol.sav.sk\/files\/pozvanka_megh\u00edv\u00e1s2-212x300.jpg 212w, https:\/\/archeol.sav.sk\/files\/pozvanka_megh\u00edv\u00e1s2-768x1086.jpg 768w, https:\/\/archeol.sav.sk\/files\/pozvanka_megh\u00edv\u00e1s2-724x1024.jpg 724w, https:\/\/archeol.sav.sk\/files\/pozvanka_megh\u00edv\u00e1s2.jpg 1448w\" sizes=\"(max-width: 212px) 100vw, 212px\" \/>Poz\u00fdvame V\u00e1s na vedecko-popul\u00e1rnu konferenciu venovan\u00fa hradn\u00fdm zr\u00facanin\u00e1m. Na konferencii vyst\u00fapia so svojimi refer\u00e1tmi odborn\u00edci z\u00a0oblasti archeol\u00f3gie a\u00a0hist\u00f3rie a\u00a0taktie\u017e je pripraven\u00e1 prehliadka ko\u0161ick\u00e9ho hradu.<\/p>\n<p><!--more--><\/p>\n<p>D\u00e1tum: 28. 10. 2016<\/p>\n<p>Miesto: Centrum vo\u013en\u00e9ho \u010dasu Domino, Popradsk\u00e1 ulica, Ko\u0161ice<\/p>\n<p>\u010cas: 9:00<\/p>\n<p>&nbsp;<\/p>\n<p><a href=\"http:\/\/archeol.sav.sk\/files\/Program_M\u0171sor.pdf\">Program na stiahnutie tu<\/a><\/p>\n<p>&nbsp;<\/p>\n","protected":false},"excerpt":{"rendered":"<p>Poz\u00fdvame V\u00e1s na vedecko-popul\u00e1rnu konferenciu venovan\u00fa hradn\u00fdm zr\u00facanin\u00e1m. Na konferencii vyst\u00fapia so svojimi refer\u00e1tmi odborn\u00edci z\u00a0oblasti archeol\u00f3gie a\u00a0hist\u00f3rie a\u00a0taktie\u017e je pripraven\u00e1 prehliadka ko\u0161ick\u00e9ho hradu.<\/p>\n","protected":false},"author":2,"featured_media":0,"comment_status":"closed","ping_status":"open","sticky":false,"template":"","format":"standard","meta":[],"categories":[2],"tags":[],"_links":{"self":[{"href":"https:\/\/archeol.sav.sk\/index.php\/wp-json\/wp\/v2\/posts\/2106"}],"collection":[{"href":"https:\/\/archeol.sav.sk\/index.php\/wp-json\/wp\/v2\/posts"}],"about":[{"href":"https:\/\/archeol.sav.sk\/index.php\/wp-json\/wp\/v2\/types\/post"}],"author":[{"embeddable":true,"href":"https:\/\/archeol.sav.sk\/index.php\/wp-json\/wp\/v2\/users\/2"}],"replies":[{"embeddable":true,"href":"https:\/\/archeol.sav.sk\/index.php\/wp-json\/wp\/v2\/comments?post=2106"}],"version-history":[{"count":1,"href":"https:\/\/archeol.sav.sk\/index.php\/wp-json\/wp\/v2\/posts\/2106\/revisions"}],"predecessor-version":[{"id":2110,"href":"https:\/\/archeol.sav.sk\/index.php\/wp-json\/wp\/v2\/posts\/2106\/revisions\/2110"}],"wp:attachment":[{"href":"https:\/\/archeol.sav.sk\/index.php\/wp-json\/wp\/v2\/media?parent=2106"}],"wp:term":[{"taxonomy":"category","embeddable":true,"href":"https:\/\/archeol.sav.sk\/index.php\/wp-json\/wp\/v2\/categories?post=2106"},{"taxonomy":"post_tag","embeddable":true,"href":"https:\/\/archeol.sav.sk\/index.php\/wp-json\/wp\/v2\/tags?post=2106"}],"curies":[{"name":"wp","href":"https:\/\/api.w.org\/{rel}","templated":true}]}}